{"id":3392,"date":"2019-12-22T06:56:27","date_gmt":"2019-12-22T06:56:27","guid":{"rendered":"https:\/\/www.pedroandretta.info\/index\/?p=3392"},"modified":"2019-12-22T06:56:27","modified_gmt":"2019-12-22T06:56:27","slug":"galera-de-ppgci-vejam-essa-chamada-editora-da-ufpb-divulga-edital-para-public","status":"publish","type":"post","link":"https:\/\/www.pedroandretta.info\/index\/2019\/12\/galera-de-ppgci-vejam-essa-chamada-editora-da-ufpb-divulga-edital-para-public\/","title":{"rendered":"Galera de PPGCI  vejam essa chamada: \u201cEditora da UFPB divulga edital para public&#8230;"},"content":{"rendered":"<p>[ad_1]<br \/>\n<img data-recalc-dims=\"1\" decoding=\"async\" src=\"https:\/\/i0.wp.com\/plone.ufpb.br\/ufpb\/contents\/noticias\/editora-da-ufpb-divulga-edital-para-publicacao-de-e-books\/neilpatel-reproducao-ebook.jpeg\/%40%40images\/cf558984-f3b3-4b62-9952-0c87170950ad.jpeg?w=696\"\/><\/p>\n<blockquote class=\"twitter-tweet\">\n<p lang=\"pt\" dir=\"ltr\">Galera de PPGCI  vejam essa chamada: \u201cEditora da UFPB divulga edital para publica\u00e7\u00e3o de e-book.\u201d | O prazo de inscri\u00e7\u00f5es \u00e9 de 10 de janeiro at\u00e9 31 de maio. \u2066<a target=\"_blank\" href=\"https:\/\/twitter.com\/edivanioduarte?ref_src=twsrc%5Etfw\" rel=\"noopener noreferrer\">@edivanioduarte<\/a>\u2069 \u2066<a target=\"_blank\" href=\"https:\/\/twitter.com\/ronaldfar?ref_src=twsrc%5Etfw\" rel=\"noopener noreferrer\">@ronaldfar<\/a>\u2069 \u2066<a target=\"_blank\" href=\"https:\/\/twitter.com\/enriquemuriel?ref_src=twsrc%5Etfw\" rel=\"noopener noreferrer\">@enriquemuriel<\/a>\u2069 \u2066<a target=\"_blank\" href=\"https:\/\/twitter.com\/miltonshintaku?ref_src=twsrc%5Etfw\" rel=\"noopener noreferrer\">@miltonshintaku<\/a>\u2069 e outros! <a target=\"_blank\" href=\"https:\/\/t.co\/Gdw0tPrVaH\" rel=\"noopener noreferrer\">https:\/\/t.co\/Gdw0tPrVaH<\/a><\/p>\n<p>&mdash; Pedro Andretta (@andretta_pedro) <a target=\"_blank\" href=\"https:\/\/twitter.com\/andretta_pedro\/status\/1208642440225284097?ref_src=twsrc%5Etfw\" rel=\"noopener noreferrer\">December 22, 2019<\/a><\/p><\/blockquote>\n<p><script async src=\"https:\/\/platform.twitter.com\/widgets.js\" charset=\"utf-8\"><\/script><\/p>\n<p>[ad_2]<br \/>\n<br \/><a href=\"https:\/\/twitter.com\/andretta_pedro\/statuses\/1208642440225284097\">Source<\/a> by <a href=\"https:\/\/t.co\/MfIsGWjH1p\">Pedro Andretta<\/a><\/p>\n","protected":false},"excerpt":{"rendered":"<p>[ad_1] Galera de PPGCI vejam essa chamada: \u201cEditora da UFPB divulga edital para publica\u00e7\u00e3o de e-book.\u201d | O prazo de inscri\u00e7\u00f5es \u00e9 de 10 de janeiro at\u00e9 31 de maio. \u2066@edivanioduarte\u2069 \u2066@ronaldfar\u2069 \u2066@enriquemuriel\u2069 \u2066@miltonshintaku\u2069 e outros! https:\/\/t.co\/Gdw0tPrVaH &mdash; Pedro Andretta (@andretta_pedro) December 22, 2019 [ad_2] Source by Pedro Andretta<\/p>\n","protected":false},"author":1,"featured_media":3394,"comment_status":"closed","ping_status":"open","sticky":false,"template":"","format":"standard","meta":{"_jetpack_memberships_contains_paid_content":false,"footnotes":"","jetpack_publicize_message":"","jetpack_publicize_feature_enabled":true,"jetpack_social_post_already_shared":true,"jetpack_social_options":{"image_generator_settings":{"template":"highway","default_image_id":0,"font":"","enabled":false},"version":2}},"categories":[21],"tags":[],"class_list":["post-3392","post","type-post","status-publish","format-standard","has-post-thumbnail","hentry","category-informeci"],"jetpack_publicize_connections":[],"jetpack_featured_media_url":"https:\/\/i0.wp.com\/www.pedroandretta.info\/index\/wp-content\/uploads\/2019\/12\/cf558984-f3b3-4b62-9952-0c87170950ad.jpeg?fit=768%2C512&ssl=1","views":"","jetpack_sharing_enabled":true,"_links":{"self":[{"href":"https:\/\/www.pedroandretta.info\/index\/wp-json\/wp\/v2\/posts\/3392","targetHints":{"allow":["GET"]}}],"collection":[{"href":"https:\/\/www.pedroandretta.info\/index\/wp-json\/wp\/v2\/posts"}],"about":[{"href":"https:\/\/www.pedroandretta.info\/index\/wp-json\/wp\/v2\/types\/post"}],"author":[{"embeddable":true,"href":"https:\/\/www.pedroandretta.info\/index\/wp-json\/wp\/v2\/users\/1"}],"replies":[{"embeddable":true,"href":"https:\/\/www.pedroandretta.info\/index\/wp-json\/wp\/v2\/comments?post=3392"}],"version-history":[{"count":0,"href":"https:\/\/www.pedroandretta.info\/index\/wp-json\/wp\/v2\/posts\/3392\/revisions"}],"wp:featuredmedia":[{"embeddable":true,"href":"https:\/\/www.pedroandretta.info\/index\/wp-json\/wp\/v2\/media\/3394"}],"wp:attachment":[{"href":"https:\/\/www.pedroandretta.info\/index\/wp-json\/wp\/v2\/media?parent=3392"}],"wp:term":[{"taxonomy":"category","embeddable":true,"href":"https:\/\/www.pedroandretta.info\/index\/wp-json\/wp\/v2\/categories?post=3392"},{"taxonomy":"post_tag","embeddable":true,"href":"https:\/\/www.pedroandretta.info\/index\/wp-json\/wp\/v2\/tags?post=3392"}],"curies":[{"name":"wp","href":"https:\/\/api.w.org\/{rel}","templated":true}]}}