{"id":33955,"date":"2025-10-24T12:22:48","date_gmt":"2025-10-24T16:22:48","guid":{"rendered":"https:\/\/www.pedroandretta.info\/index\/?p=33955"},"modified":"2025-10-24T12:22:51","modified_gmt":"2025-10-24T16:22:51","slug":"estudos-de-usuarios-pesquisas-apresentadas-nos-enancib-no-periodo-de-2005-a-2023-informacao-informacao","status":"publish","type":"post","link":"https:\/\/www.pedroandretta.info\/index\/2025\/10\/estudos-de-usuarios-pesquisas-apresentadas-nos-enancib-no-periodo-de-2005-a-2023-informacao-informacao\/","title":{"rendered":"Estudos de usu\u00e1rios: pesquisas apresentadas nos ENANCIB no per\u00edodo de 2005 a 2023 \/ Informa\u00e7\u00e3o &amp; Informa\u00e7\u00e3o"},"content":{"rendered":"\n<p><strong>Estudos de usu\u00e1rios: pesquisas apresentadas nos ENANCIB no per\u00edodo de 2005 a 2023 \/ Informa\u00e7\u00e3o &amp; Informa\u00e7\u00e3o<\/strong><\/p>\n\n\n\n<p>Uma das problem\u00e1ticas da Ci\u00eancia da Informa\u00e7\u00e3o refere-se aos processos que envolvem o acesso, a busca, a recupera\u00e7\u00e3o e o uso da informa\u00e7\u00e3o. Desse modo, \u00e9 necess\u00e1rio que a atual dispers\u00e3o, em rela\u00e7\u00e3o \u00e0 pesquisa te\u00f3rica, metodol\u00f3gica e aplicada seja repensada, pois quando se mapeia os programas de p\u00f3s-gradua\u00e7\u00e3o em Ci\u00eancia da Informa\u00e7\u00e3o, as linhas de pesquisa, os grupos de pesquisa e as associa\u00e7\u00f5es profissionais, cient\u00edficas e acad\u00eamicas do campo, verifica-se uma tend\u00eancia de segrega\u00e7\u00e3o dos estudos, em que se estabelecem fronteiras e quadros normativos de an\u00e1lise dos mesmos fen\u00f4menos e, assim, a dispers\u00e3o gera incompreens\u00f5es sobre todo o processo.<br>Os pesquisadores que orientam suas pesquisas voltadas aos estudos de usu\u00e1rios devem trabalhar conjuntamente, trazendo os diferentes paradigmas: f\u00edsico, cognitivo e social, promovendo o di\u00e1logo interdisciplinar, fator que propiciaria o enriquecimento da tem\u00e1tica e o aprofundamento necess\u00e1rio para sua evolu\u00e7\u00e3o te\u00f3rica, metodol\u00f3gica e aplicada.<\/p>\n\n\n\n<p>#EstudosDeUsu\u00e1rios<\/p>\n\n\n\n<p>Dispon\u00edvel em: <a href=\"https:\/\/ojs.uel.br\/revistas\/uel\/index.php\/informacao\/article\/view\/52225\">https:\/\/ojs.uel.br\/revistas\/uel\/index.php\/informacao\/article\/view\/52225<\/a><\/p>\n\n\n\n<figure class=\"wp-block-image size-large\"><img data-recalc-dims=\"1\" decoding=\"async\" width=\"422\" height=\"600\" src=\"https:\/\/i0.wp.com\/www.pedroandretta.info\/index\/wp-content\/uploads\/2025\/10\/image-104.png?resize=422%2C600&#038;ssl=1\" alt=\"\" class=\"wp-image-33956\" srcset=\"https:\/\/i0.wp.com\/www.pedroandretta.info\/index\/wp-content\/uploads\/2025\/10\/image-104.png?resize=422%2C600&amp;ssl=1 422w, https:\/\/i0.wp.com\/www.pedroandretta.info\/index\/wp-content\/uploads\/2025\/10\/image-104.png?resize=211%2C300&amp;ssl=1 211w, https:\/\/i0.wp.com\/www.pedroandretta.info\/index\/wp-content\/uploads\/2025\/10\/image-104.png?w=533&amp;ssl=1 533w\" sizes=\"(max-width: 422px) 100vw, 422px\" \/><\/figure>\n","protected":false},"excerpt":{"rendered":"<p>Estudos de usu\u00e1rios: pesquisas apresentadas nos ENANCIB no per\u00edodo de 2005 a 2023 \/ Informa\u00e7\u00e3o &amp; Informa\u00e7\u00e3o Uma das problem\u00e1ticas da Ci\u00eancia da Informa\u00e7\u00e3o refere-se aos processos que envolvem o acesso, a busca, a recupera\u00e7\u00e3o e o uso da informa\u00e7\u00e3o. Desse modo, \u00e9 necess\u00e1rio que a atual dispers\u00e3o, em rela\u00e7\u00e3o \u00e0 pesquisa te\u00f3rica, metodol\u00f3gica e<\/p><\/div>\n<div class=\"blog-btn\"><a href=\"https:\/\/www.pedroandretta.info\/index\/2025\/10\/estudos-de-usuarios-pesquisas-apresentadas-nos-enancib-no-periodo-de-2005-a-2023-informacao-informacao\/\" class=\"home-blog-btn\">Ler mais<\/a><\/p>\n","protected":false},"author":1,"featured_media":0,"comment_status":"open","ping_status":"open","sticky":false,"template":"","format":"standard","meta":{"_jetpack_memberships_contains_paid_content":false,"footnotes":"","jetpack_publicize_message":"","jetpack_publicize_feature_enabled":true,"jetpack_social_post_already_shared":true,"jetpack_social_options":{"image_generator_settings":{"template":"highway","default_image_id":0,"font":"","enabled":false},"version":2}},"categories":[21],"tags":[948],"class_list":["post-33955","post","type-post","status-publish","format-standard","hentry","category-informeci","tag-estudosdeusuarios"],"jetpack_publicize_connections":[],"jetpack_featured_media_url":"","views":"","jetpack_sharing_enabled":true,"_links":{"self":[{"href":"https:\/\/www.pedroandretta.info\/index\/wp-json\/wp\/v2\/posts\/33955","targetHints":{"allow":["GET"]}}],"collection":[{"href":"https:\/\/www.pedroandretta.info\/index\/wp-json\/wp\/v2\/posts"}],"about":[{"href":"https:\/\/www.pedroandretta.info\/index\/wp-json\/wp\/v2\/types\/post"}],"author":[{"embeddable":true,"href":"https:\/\/www.pedroandretta.info\/index\/wp-json\/wp\/v2\/users\/1"}],"replies":[{"embeddable":true,"href":"https:\/\/www.pedroandretta.info\/index\/wp-json\/wp\/v2\/comments?post=33955"}],"version-history":[{"count":0,"href":"https:\/\/www.pedroandretta.info\/index\/wp-json\/wp\/v2\/posts\/33955\/revisions"}],"wp:attachment":[{"href":"https:\/\/www.pedroandretta.info\/index\/wp-json\/wp\/v2\/media?parent=33955"}],"wp:term":[{"taxonomy":"category","embeddable":true,"href":"https:\/\/www.pedroandretta.info\/index\/wp-json\/wp\/v2\/categories?post=33955"},{"taxonomy":"post_tag","embeddable":true,"href":"https:\/\/www.pedroandretta.info\/index\/wp-json\/wp\/v2\/tags?post=33955"}],"curies":[{"name":"wp","href":"https:\/\/api.w.org\/{rel}","templated":true}]}}