{"id":34068,"date":"2025-11-04T12:25:50","date_gmt":"2025-11-04T16:25:50","guid":{"rendered":"https:\/\/www.pedroandretta.info\/index\/?p=34068"},"modified":"2025-10-28T12:28:06","modified_gmt":"2025-10-28T16:28:06","slug":"o-desafio-educacional-dos-bibliotecarios-dos-institutos-federais-de-educacao-profissional-entrevista-com-miria-santana-veiga-divulga-ci","status":"publish","type":"post","link":"https:\/\/www.pedroandretta.info\/index\/2025\/11\/o-desafio-educacional-dos-bibliotecarios-dos-institutos-federais-de-educacao-profissional-entrevista-com-miria-santana-veiga-divulga-ci\/","title":{"rendered":"O desafio educacional dos bibliotec\u00e1rios dos Institutos Federais de Educa\u00e7\u00e3o Profissional\u00a0 \u2013 Entrevista com Miri\u00e3 Santana Veiga \/ Divulga-CI"},"content":{"rendered":"\n<p><strong>O desafio educacional dos bibliotec\u00e1rios dos Institutos Federais de Educa\u00e7\u00e3o Profissional\u00a0 \u2013 Entrevista com Miri\u00e3 Santana Veiga \/ Divulga-CI<\/strong><\/p>\n\n\n\n<p>Confira nossa entrevista com a pesquisadora Miri\u00e3 Santana Veiga, bibliotec\u00e1ria do Instituto Federal de Educa\u00e7\u00e3o, Ci\u00eancia e Tecnologia de Rond\u00f4nia. Em seu doutorado, em Educa\u00e7\u00e3o Escolar da Universidade Federal de Rond\u00f4nia, Miri\u00e3 investigou como as bibliotecas multin\u00edveis e seus profissionais contribuem para a forma\u00e7\u00e3o dos estudantes. Na entrevista, conhe\u00e7a a trajet\u00f3ria da pesquisadora, a escrita da tese e suas reflex\u00f5es sobre o papel educativo das bibliotecas na educa\u00e7\u00e3o profissional.<\/p>\n\n\n\n<p>#Entrevista #IF #BibliotecasMultin\u00edveis<\/p>\n\n\n\n<p>via Divulga-CI<\/p>\n\n\n\n<p>Dispon\u00edvel em: <a href=\"https:\/\/www.divulgaci.labci.online\/wp-content\/uploads\/2025\/10\/ENTREVISTA-Miria-Santana-Veiga.pdf\">https:\/\/www.divulgaci.labci.online\/wp-content\/uploads\/2025\/10\/ENTREVISTA-Miria-Santana-Veiga.pdf<\/a><\/p>\n\n\n\n<figure class=\"wp-block-image size-large\"><img data-recalc-dims=\"1\" decoding=\"async\" width=\"417\" height=\"600\" src=\"https:\/\/i0.wp.com\/www.pedroandretta.info\/index\/wp-content\/uploads\/2025\/10\/image-133.png?resize=417%2C600&#038;ssl=1\" alt=\"\" class=\"wp-image-34069\" srcset=\"https:\/\/i0.wp.com\/www.pedroandretta.info\/index\/wp-content\/uploads\/2025\/10\/image-133.png?resize=417%2C600&amp;ssl=1 417w, https:\/\/i0.wp.com\/www.pedroandretta.info\/index\/wp-content\/uploads\/2025\/10\/image-133.png?resize=209%2C300&amp;ssl=1 209w, https:\/\/i0.wp.com\/www.pedroandretta.info\/index\/wp-content\/uploads\/2025\/10\/image-133.png?w=512&amp;ssl=1 512w\" sizes=\"(max-width: 417px) 100vw, 417px\" \/><\/figure>\n","protected":false},"excerpt":{"rendered":"<p>O desafio educacional dos bibliotec\u00e1rios dos Institutos Federais de Educa\u00e7\u00e3o Profissional\u00a0 \u2013 Entrevista com Miri\u00e3 Santana Veiga \/ Divulga-CI Confira nossa entrevista com a pesquisadora Miri\u00e3 Santana Veiga, bibliotec\u00e1ria do Instituto Federal de Educa\u00e7\u00e3o, Ci\u00eancia e Tecnologia de Rond\u00f4nia. Em seu doutorado, em Educa\u00e7\u00e3o Escolar da Universidade Federal de Rond\u00f4nia, Miri\u00e3 investigou como as bibliotecas<\/p><\/div>\n<div class=\"blog-btn\"><a href=\"https:\/\/www.pedroandretta.info\/index\/2025\/11\/o-desafio-educacional-dos-bibliotecarios-dos-institutos-federais-de-educacao-profissional-entrevista-com-miria-santana-veiga-divulga-ci\/\" class=\"home-blog-btn\">Ler mais<\/a><\/p>\n","protected":false},"author":1,"featured_media":0,"comment_status":"open","ping_status":"open","sticky":false,"template":"","format":"standard","meta":{"_jetpack_newsletter_access":"","_jetpack_dont_email_post_to_subs":false,"_jetpack_newsletter_tier_id":0,"_jetpack_memberships_contains_paywalled_content":false,"_jetpack_feature_clip_id":0,"_jetpack_memberships_contains_paid_content":false,"footnotes":"","jetpack_publicize_message":"","jetpack_publicize_feature_enabled":true,"jetpack_social_post_already_shared":true,"jetpack_social_options":{"image_generator_settings":{"template":"highway","default_image_id":0,"font":"","enabled":false},"version":2},"jetpack_post_was_ever_published":false},"categories":[21],"tags":[2874,601,2237],"class_list":["post-34068","post","type-post","status-publish","format-standard","hentry","category-informeci","tag-bibliotecasmultiniveis","tag-entrevista","tag-if"],"jetpack_publicize_connections":[],"jetpack_featured_media_url":"","views":"","jetpack_sharing_enabled":true,"_links":{"self":[{"href":"https:\/\/www.pedroandretta.info\/index\/wp-json\/wp\/v2\/posts\/34068","targetHints":{"allow":["GET"]}}],"collection":[{"href":"https:\/\/www.pedroandretta.info\/index\/wp-json\/wp\/v2\/posts"}],"about":[{"href":"https:\/\/www.pedroandretta.info\/index\/wp-json\/wp\/v2\/types\/post"}],"author":[{"embeddable":true,"href":"https:\/\/www.pedroandretta.info\/index\/wp-json\/wp\/v2\/users\/1"}],"replies":[{"embeddable":true,"href":"https:\/\/www.pedroandretta.info\/index\/wp-json\/wp\/v2\/comments?post=34068"}],"version-history":[{"count":0,"href":"https:\/\/www.pedroandretta.info\/index\/wp-json\/wp\/v2\/posts\/34068\/revisions"}],"wp:attachment":[{"href":"https:\/\/www.pedroandretta.info\/index\/wp-json\/wp\/v2\/media?parent=34068"}],"wp:term":[{"taxonomy":"category","embeddable":true,"href":"https:\/\/www.pedroandretta.info\/index\/wp-json\/wp\/v2\/categories?post=34068"},{"taxonomy":"post_tag","embeddable":true,"href":"https:\/\/www.pedroandretta.info\/index\/wp-json\/wp\/v2\/tags?post=34068"}],"curies":[{"name":"wp","href":"https:\/\/api.w.org\/{rel}","templated":true}]}}