{"id":34220,"date":"2025-11-01T10:18:00","date_gmt":"2025-11-01T14:18:00","guid":{"rendered":"https:\/\/www.pedroandretta.info\/index\/?p=34220"},"modified":"2026-01-07T12:32:29","modified_gmt":"2026-01-07T16:32:29","slug":"bibliotecas-na-linha-de-frente-da-alfabetizacao-equitativa-em-ia-ifla","status":"publish","type":"post","link":"https:\/\/www.pedroandretta.info\/index\/2025\/11\/bibliotecas-na-linha-de-frente-da-alfabetizacao-equitativa-em-ia-ifla\/","title":{"rendered":"Bibliotecas na linha de frente da alfabetiza\u00e7\u00e3o equitativa em IA \/ IFLA"},"content":{"rendered":"\n<p><strong>Bibliotecas na linha de frente da alfabetiza\u00e7\u00e3o equitativa em IA \/ IFLA<\/strong><\/p>\n\n\n\n<p>Embora no passado o uso da IA \u200b\u200bestivesse principalmente ligado \u00e0s comunidades cient\u00edficas e acad\u00eamicas, seu uso e desenvolvimento cresceram exponencialmente desde o lan\u00e7amento de modelos generativos de IA, como ChatGPT, DALL-E e outros. A r\u00e1pida dissemina\u00e7\u00e3o da IA \u200b\u200btrouxe benef\u00edcios not\u00e1veis, mas tamb\u00e9m revelou vulnerabilidades e desafios significativos, tanto no \u00e2mbito regulat\u00f3rio quanto no social, e evidenciou, em particular, os problemas decorrentes da falta de compreens\u00e3o da sociedade civil sobre o funcionamento dessa tecnologia. Isso ressaltou a necessidade urgente de uma educa\u00e7\u00e3o abrangente em IA. <\/p>\n\n\n\n<p>Falar em educa\u00e7\u00e3o relacionada \u00e0 IA \u00e9 falar em alfabetiza\u00e7\u00e3o em IA. Neste relat\u00f3rio, utilizamos a defini\u00e7\u00e3o de alfabetiza\u00e7\u00e3o em IA concebida na Lei de Intelig\u00eancia Artificial da Uni\u00e3o Europeia, recentemente adotada, que a descreve como um conjunto de habilidades, conhecimentos e compreens\u00e3o que permitem \u00e0s pessoas exercer seus respectivos direitos e obriga\u00e7\u00f5es no que diz respeito ao uso da Intelig\u00eancia Artificial. Em particular, para realizar uma implementa\u00e7\u00e3o informada de sistemas de IA, bem como para obter conscientiza\u00e7\u00e3o sobre as oportunidades e os riscos da IA \u200b\u200be os poss\u00edveis danos que ela pode causar.<\/p>\n\n\n\n<p>#IALiteracy #IFLA #Bibliotecas<\/p>\n\n\n\n<p>Dispon\u00edvel em: <a href=\"https:\/\/www.ifla.org\/news\/report-libraries-at-the-frontline-of-equitable-ai-literacy\/\">https:\/\/www.ifla.org\/news\/report-libraries-at-the-frontline-of-equitable-ai-literacy\/<\/a><\/p>\n\n\n\n<figure class=\"wp-block-image size-large\"><img data-recalc-dims=\"1\" decoding=\"async\" width=\"421\" height=\"600\" src=\"https:\/\/i0.wp.com\/www.pedroandretta.info\/index\/wp-content\/uploads\/2025\/10\/image-171.png?resize=421%2C600&#038;ssl=1\" alt=\"\" class=\"wp-image-34221\" srcset=\"https:\/\/i0.wp.com\/www.pedroandretta.info\/index\/wp-content\/uploads\/2025\/10\/image-171.png?resize=421%2C600&amp;ssl=1 421w, https:\/\/i0.wp.com\/www.pedroandretta.info\/index\/wp-content\/uploads\/2025\/10\/image-171.png?resize=210%2C300&amp;ssl=1 210w, https:\/\/i0.wp.com\/www.pedroandretta.info\/index\/wp-content\/uploads\/2025\/10\/image-171.png?w=489&amp;ssl=1 489w\" sizes=\"(max-width: 421px) 100vw, 421px\" \/><\/figure>\n","protected":false},"excerpt":{"rendered":"<p>Bibliotecas na linha de frente da alfabetiza\u00e7\u00e3o equitativa em IA \/ IFLA Embora no passado o uso da IA \u200b\u200bestivesse principalmente ligado \u00e0s comunidades cient\u00edficas e acad\u00eamicas, seu uso e desenvolvimento cresceram exponencialmente desde o lan\u00e7amento de modelos generativos de IA, como ChatGPT, DALL-E e outros. A r\u00e1pida dissemina\u00e7\u00e3o da IA \u200b\u200btrouxe benef\u00edcios not\u00e1veis, mas<\/p><\/div>\n<div class=\"blog-btn\"><a href=\"https:\/\/www.pedroandretta.info\/index\/2025\/11\/bibliotecas-na-linha-de-frente-da-alfabetizacao-equitativa-em-ia-ifla\/\" class=\"home-blog-btn\">Ler mais<\/a><\/p>\n","protected":false},"author":1,"featured_media":0,"comment_status":"open","ping_status":"open","sticky":false,"template":"","format":"standard","meta":{"_jetpack_newsletter_access":"","_jetpack_dont_email_post_to_subs":false,"_jetpack_newsletter_tier_id":0,"_jetpack_memberships_contains_paywalled_content":false,"_jetpack_feature_clip_id":0,"_jetpack_memberships_contains_paid_content":false,"footnotes":"","jetpack_publicize_message":"","jetpack_publicize_feature_enabled":true,"jetpack_social_post_already_shared":true,"jetpack_social_options":{"image_generator_settings":{"template":"highway","default_image_id":0,"font":"","enabled":false},"version":2},"jetpack_post_was_ever_published":false},"categories":[21],"tags":[38,3942,344],"class_list":["post-34220","post","type-post","status-publish","format-standard","hentry","category-informeci","tag-bibliotecas","tag-ialiteracy","tag-ifla"],"jetpack_publicize_connections":[],"jetpack_featured_media_url":"","views":"","jetpack_sharing_enabled":true,"_links":{"self":[{"href":"https:\/\/www.pedroandretta.info\/index\/wp-json\/wp\/v2\/posts\/34220","targetHints":{"allow":["GET"]}}],"collection":[{"href":"https:\/\/www.pedroandretta.info\/index\/wp-json\/wp\/v2\/posts"}],"about":[{"href":"https:\/\/www.pedroandretta.info\/index\/wp-json\/wp\/v2\/types\/post"}],"author":[{"embeddable":true,"href":"https:\/\/www.pedroandretta.info\/index\/wp-json\/wp\/v2\/users\/1"}],"replies":[{"embeddable":true,"href":"https:\/\/www.pedroandretta.info\/index\/wp-json\/wp\/v2\/comments?post=34220"}],"version-history":[{"count":0,"href":"https:\/\/www.pedroandretta.info\/index\/wp-json\/wp\/v2\/posts\/34220\/revisions"}],"wp:attachment":[{"href":"https:\/\/www.pedroandretta.info\/index\/wp-json\/wp\/v2\/media?parent=34220"}],"wp:term":[{"taxonomy":"category","embeddable":true,"href":"https:\/\/www.pedroandretta.info\/index\/wp-json\/wp\/v2\/categories?post=34220"},{"taxonomy":"post_tag","embeddable":true,"href":"https:\/\/www.pedroandretta.info\/index\/wp-json\/wp\/v2\/tags?post=34220"}],"curies":[{"name":"wp","href":"https:\/\/api.w.org\/{rel}","templated":true}]}}