{"id":34294,"date":"2025-11-13T10:45:00","date_gmt":"2025-11-13T14:45:00","guid":{"rendered":"https:\/\/www.pedroandretta.info\/index\/?p=34294"},"modified":"2025-11-13T03:47:38","modified_gmt":"2025-11-13T07:47:38","slug":"geracao-z-entre-o-desencanto-e-a-busca-por-sentido-jornal-da-usp","status":"publish","type":"post","link":"https:\/\/www.pedroandretta.info\/index\/2025\/11\/geracao-z-entre-o-desencanto-e-a-busca-por-sentido-jornal-da-usp\/","title":{"rendered":"Gera\u00e7\u00e3o Z: entre o desencanto e a busca por sentido \/ Jornal da USP"},"content":{"rendered":"\n<p><strong>Gera\u00e7\u00e3o Z: entre o desencanto e a busca por sentido \/ Jornal da USP<\/strong><\/p>\n\n\n\n<p>Trata-se de uma gera\u00e7\u00e3o que quer justi\u00e7a, sentido e coer\u00eancia. Por tr\u00e1s das telas, pulsa a energia de quem n\u00e3o quer apenas consumir o mundo, mas reinvent\u00e1-lo. O futuro pol\u00edtico depender\u00e1 de transformar esse descontentamento em for\u00e7a criadora \u2014 e de ouvir, com humildade, o que o sil\u00eancio dos jovens anda dizendo nas ruas de Katmandu, Casablanca, Lima, Santiago e at\u00e9 em Nova York, onde a futura primeira-dama, Rama Duwaji, de 28 anos, esposa do rec\u00e9m-eleito prefeito, Zohran Mamdani, \u00e9 pertencente \u00e0 gera\u00e7\u00e3o Z.<\/p>\n\n\n\n<p>A gera\u00e7\u00e3o \u00e9 o paradigma de um novo tempo, por estar redefinindo as normas sociais, os valores e o mercado de trabalho.<\/p>\n\n\n\n<p>#Gera\u00e7\u00e3oZ <\/p>\n\n\n\n<p>via Jornal da USP<\/p>\n\n\n\n<p>Dispon\u00edvel em: <a href=\"https:\/\/jornal.usp.br\/articulistas\/gaudencio-torquato\/geracao-z-entre-o-desencanto-e-a-busca-por-sentido\/\">https:\/\/jornal.usp.br\/articulistas\/gaudencio-torquato\/geracao-z-entre-o-desencanto-e-a-busca-por-sentido\/<\/a><\/p>\n","protected":false},"excerpt":{"rendered":"<p>Gera\u00e7\u00e3o Z: entre o desencanto e a busca por sentido \/ Jornal da USP Trata-se de uma gera\u00e7\u00e3o que quer justi\u00e7a, sentido e coer\u00eancia. Por tr\u00e1s das telas, pulsa a energia de quem n\u00e3o quer apenas consumir o mundo, mas reinvent\u00e1-lo. O futuro pol\u00edtico depender\u00e1 de transformar esse descontentamento em for\u00e7a criadora \u2014 e de<\/p><\/div>\n<div class=\"blog-btn\"><a href=\"https:\/\/www.pedroandretta.info\/index\/2025\/11\/geracao-z-entre-o-desencanto-e-a-busca-por-sentido-jornal-da-usp\/\" class=\"home-blog-btn\">Ler mais<\/a><\/p>\n","protected":false},"author":1,"featured_media":0,"comment_status":"open","ping_status":"open","sticky":false,"template":"","format":"standard","meta":{"_jetpack_newsletter_access":"","_jetpack_dont_email_post_to_subs":false,"_jetpack_newsletter_tier_id":0,"_jetpack_memberships_contains_paywalled_content":false,"_jetpack_feature_clip_id":0,"_jetpack_memberships_contains_paid_content":false,"footnotes":"","jetpack_publicize_message":"","jetpack_publicize_feature_enabled":true,"jetpack_social_post_already_shared":true,"jetpack_social_options":{"image_generator_settings":{"template":"highway","default_image_id":0,"font":"","enabled":false},"version":2},"jetpack_post_was_ever_published":false},"categories":[21],"tags":[1476],"class_list":["post-34294","post","type-post","status-publish","format-standard","hentry","category-informeci","tag-geracaoz"],"jetpack_publicize_connections":[],"jetpack_featured_media_url":"","views":"","jetpack_sharing_enabled":true,"_links":{"self":[{"href":"https:\/\/www.pedroandretta.info\/index\/wp-json\/wp\/v2\/posts\/34294","targetHints":{"allow":["GET"]}}],"collection":[{"href":"https:\/\/www.pedroandretta.info\/index\/wp-json\/wp\/v2\/posts"}],"about":[{"href":"https:\/\/www.pedroandretta.info\/index\/wp-json\/wp\/v2\/types\/post"}],"author":[{"embeddable":true,"href":"https:\/\/www.pedroandretta.info\/index\/wp-json\/wp\/v2\/users\/1"}],"replies":[{"embeddable":true,"href":"https:\/\/www.pedroandretta.info\/index\/wp-json\/wp\/v2\/comments?post=34294"}],"version-history":[{"count":0,"href":"https:\/\/www.pedroandretta.info\/index\/wp-json\/wp\/v2\/posts\/34294\/revisions"}],"wp:attachment":[{"href":"https:\/\/www.pedroandretta.info\/index\/wp-json\/wp\/v2\/media?parent=34294"}],"wp:term":[{"taxonomy":"category","embeddable":true,"href":"https:\/\/www.pedroandretta.info\/index\/wp-json\/wp\/v2\/categories?post=34294"},{"taxonomy":"post_tag","embeddable":true,"href":"https:\/\/www.pedroandretta.info\/index\/wp-json\/wp\/v2\/tags?post=34294"}],"curies":[{"name":"wp","href":"https:\/\/api.w.org\/{rel}","templated":true}]}}