{"id":34299,"date":"2025-11-13T10:51:00","date_gmt":"2025-11-13T14:51:00","guid":{"rendered":"https:\/\/www.pedroandretta.info\/index\/?p=34299"},"modified":"2025-11-13T03:53:21","modified_gmt":"2025-11-13T07:53:21","slug":"competencia-informacional-critica-na-universidade-latino-americana-uma-perspectiva-situada-investigacion-bibliotecologica","status":"publish","type":"post","link":"https:\/\/www.pedroandretta.info\/index\/2025\/11\/competencia-informacional-critica-na-universidade-latino-americana-uma-perspectiva-situada-investigacion-bibliotecologica\/","title":{"rendered":"Compet\u00eancia informacional cr\u00edtica na universidade latino-americana: uma perspectiva situada \/ Investigaci\u00f3n Bibliotecol\u00f3gica"},"content":{"rendered":"\n<p><strong>Compet\u00eancia informacional cr\u00edtica na universidade latino-americana: uma perspectiva situada \/ Investigaci\u00f3n Bibliotecol\u00f3gica<\/strong><\/p>\n\n\n\n<p>Com base em entrevistas semiestruturadas, foram identificadas tens\u00f5es estruturais em torno da forma\u00e7\u00e3o t\u00e9cnica versus a forma\u00e7\u00e3o cr\u00edtica, as lacunas entre curr\u00edculo e pr\u00e1tica profissional, as limita\u00e7\u00f5es da avalia\u00e7\u00e3o tradicional e a falta de integra\u00e7\u00e3o entre teoria e pr\u00e1tica. A an\u00e1lise permite o desenvolvimento de uma matriz de interven\u00e7\u00e3o com tr\u00eas n\u00edveis complementares (curricular, pedag\u00f3gico e institucional) que busca integrar a alfabetiza\u00e7\u00e3o informacional como uma compet\u00eancia transversal, \u00e9tica e transformadora. Al\u00e9m de seus aspectos instrumentais, o estudo prop\u00f5e que a alfabetiza\u00e7\u00e3o informacional cr\u00edtica pode se tornar uma ferramenta para interpretar conscientemente o mundo, question\u00e1-lo e, em \u00faltima inst\u00e2ncia, transform\u00e1-lo.<\/p>\n\n\n\n<p>#Coinfo<\/p>\n\n\n\n<p>Dispon\u00edvel em: <a href=\"http:\/\/rev-ib.unam.mx\/ib\/index.php\/ib\/article\/view\/59069\">http:\/\/rev-ib.unam.mx\/ib\/index.php\/ib\/article\/view\/59069<\/a><\/p>\n","protected":false},"excerpt":{"rendered":"<p>Compet\u00eancia informacional cr\u00edtica na universidade latino-americana: uma perspectiva situada \/ Investigaci\u00f3n Bibliotecol\u00f3gica Com base em entrevistas semiestruturadas, foram identificadas tens\u00f5es estruturais em torno da forma\u00e7\u00e3o t\u00e9cnica versus a forma\u00e7\u00e3o cr\u00edtica, as lacunas entre curr\u00edculo e pr\u00e1tica profissional, as limita\u00e7\u00f5es da avalia\u00e7\u00e3o tradicional e a falta de integra\u00e7\u00e3o entre teoria e pr\u00e1tica. A an\u00e1lise permite o<\/p><\/div>\n<div class=\"blog-btn\"><a href=\"https:\/\/www.pedroandretta.info\/index\/2025\/11\/competencia-informacional-critica-na-universidade-latino-americana-uma-perspectiva-situada-investigacion-bibliotecologica\/\" class=\"home-blog-btn\">Ler mais<\/a><\/p>\n","protected":false},"author":1,"featured_media":0,"comment_status":"open","ping_status":"open","sticky":false,"template":"","format":"standard","meta":{"_jetpack_memberships_contains_paid_content":false,"footnotes":"","jetpack_publicize_message":"","jetpack_publicize_feature_enabled":true,"jetpack_social_post_already_shared":true,"jetpack_social_options":{"image_generator_settings":{"template":"highway","default_image_id":0,"font":"","enabled":false},"version":2}},"categories":[21],"tags":[46],"class_list":["post-34299","post","type-post","status-publish","format-standard","hentry","category-informeci","tag-coinfo"],"jetpack_publicize_connections":[],"jetpack_featured_media_url":"","views":"","jetpack_sharing_enabled":true,"_links":{"self":[{"href":"https:\/\/www.pedroandretta.info\/index\/wp-json\/wp\/v2\/posts\/34299","targetHints":{"allow":["GET"]}}],"collection":[{"href":"https:\/\/www.pedroandretta.info\/index\/wp-json\/wp\/v2\/posts"}],"about":[{"href":"https:\/\/www.pedroandretta.info\/index\/wp-json\/wp\/v2\/types\/post"}],"author":[{"embeddable":true,"href":"https:\/\/www.pedroandretta.info\/index\/wp-json\/wp\/v2\/users\/1"}],"replies":[{"embeddable":true,"href":"https:\/\/www.pedroandretta.info\/index\/wp-json\/wp\/v2\/comments?post=34299"}],"version-history":[{"count":0,"href":"https:\/\/www.pedroandretta.info\/index\/wp-json\/wp\/v2\/posts\/34299\/revisions"}],"wp:attachment":[{"href":"https:\/\/www.pedroandretta.info\/index\/wp-json\/wp\/v2\/media?parent=34299"}],"wp:term":[{"taxonomy":"category","embeddable":true,"href":"https:\/\/www.pedroandretta.info\/index\/wp-json\/wp\/v2\/categories?post=34299"},{"taxonomy":"post_tag","embeddable":true,"href":"https:\/\/www.pedroandretta.info\/index\/wp-json\/wp\/v2\/tags?post=34299"}],"curies":[{"name":"wp","href":"https:\/\/api.w.org\/{rel}","templated":true}]}}