{"id":34308,"date":"2025-11-14T10:38:00","date_gmt":"2025-11-14T14:38:00","guid":{"rendered":"https:\/\/www.pedroandretta.info\/index\/?p=34308"},"modified":"2025-11-13T20:42:28","modified_gmt":"2025-11-14T00:42:28","slug":"final-definitivo-da-revista-profesional-de-la-informacion","status":"publish","type":"post","link":"https:\/\/www.pedroandretta.info\/index\/2025\/11\/final-definitivo-da-revista-profesional-de-la-informacion\/","title":{"rendered":"Final definitivo da revista &#8220;Profesional de la Informaci\u00f3n&#8221;"},"content":{"rendered":"\n<p><strong>Final definitivo da revista &#8220;Profesional de la Informaci\u00f3n&#8221;<\/strong><\/p>\n\n\n\n<p>Ficou abundantemente claro que essas empresas compraram a &#8220;Profesional de la Informaci\u00f3n&#8221;, a &#8220;Comunicar&#8221; e outras revistas para realizar alguma misteriosa opera\u00e7\u00e3o financeira, que envolveu preju\u00edzos de milh\u00f5es.<\/p>\n\n\n\n<p>Um triste fim para a revista que fundei h\u00e1 32 anos, que, com muito esfor\u00e7o, galgou posi\u00e7\u00f5es at\u00e9 alcan\u00e7ar o Q1 tanto no Scopus quanto no Web of Science. N\u00e3o estive sozinho: sou profundamente grato \u00e0s equipes editoriais que realizaram um trabalho t\u00e3o excelente e dedicado, aos revisores, aos autores e aos leitores. Juntos, criamos um produto fant\u00e1stico. Obrigado!<\/p>\n\n\n\n<p>#Peri\u00f3dicos<\/p>\n\n\n\n<p>Dispon\u00edvel em: <a href=\"https:\/\/listserv.rediris.es\/cgi-bin\/wa?A2=IWETEL;c3050a05.2511b\">https:\/\/listserv.rediris.es\/cgi-bin\/wa?A2=IWETEL;c3050a05.2511b<\/a><\/p>\n","protected":false},"excerpt":{"rendered":"<p>Final definitivo da revista &#8220;Profesional de la Informaci\u00f3n&#8221; Ficou abundantemente claro que essas empresas compraram a &#8220;Profesional de la Informaci\u00f3n&#8221;, a &#8220;Comunicar&#8221; e outras revistas para realizar alguma misteriosa opera\u00e7\u00e3o financeira, que envolveu preju\u00edzos de milh\u00f5es. Um triste fim para a revista que fundei h\u00e1 32 anos, que, com muito esfor\u00e7o, galgou posi\u00e7\u00f5es at\u00e9 alcan\u00e7ar<\/p><\/div>\n<div class=\"blog-btn\"><a href=\"https:\/\/www.pedroandretta.info\/index\/2025\/11\/final-definitivo-da-revista-profesional-de-la-informacion\/\" class=\"home-blog-btn\">Ler mais<\/a><\/p>\n","protected":false},"author":1,"featured_media":0,"comment_status":"open","ping_status":"open","sticky":false,"template":"","format":"standard","meta":{"_jetpack_memberships_contains_paid_content":false,"footnotes":"","jetpack_publicize_message":"","jetpack_publicize_feature_enabled":true,"jetpack_social_post_already_shared":true,"jetpack_social_options":{"image_generator_settings":{"template":"highway","default_image_id":0,"font":"","enabled":false},"version":2}},"categories":[21],"tags":[243],"class_list":["post-34308","post","type-post","status-publish","format-standard","hentry","category-informeci","tag-periodicos"],"jetpack_publicize_connections":[],"jetpack_featured_media_url":"","views":"","jetpack_sharing_enabled":true,"_links":{"self":[{"href":"https:\/\/www.pedroandretta.info\/index\/wp-json\/wp\/v2\/posts\/34308","targetHints":{"allow":["GET"]}}],"collection":[{"href":"https:\/\/www.pedroandretta.info\/index\/wp-json\/wp\/v2\/posts"}],"about":[{"href":"https:\/\/www.pedroandretta.info\/index\/wp-json\/wp\/v2\/types\/post"}],"author":[{"embeddable":true,"href":"https:\/\/www.pedroandretta.info\/index\/wp-json\/wp\/v2\/users\/1"}],"replies":[{"embeddable":true,"href":"https:\/\/www.pedroandretta.info\/index\/wp-json\/wp\/v2\/comments?post=34308"}],"version-history":[{"count":0,"href":"https:\/\/www.pedroandretta.info\/index\/wp-json\/wp\/v2\/posts\/34308\/revisions"}],"wp:attachment":[{"href":"https:\/\/www.pedroandretta.info\/index\/wp-json\/wp\/v2\/media?parent=34308"}],"wp:term":[{"taxonomy":"category","embeddable":true,"href":"https:\/\/www.pedroandretta.info\/index\/wp-json\/wp\/v2\/categories?post=34308"},{"taxonomy":"post_tag","embeddable":true,"href":"https:\/\/www.pedroandretta.info\/index\/wp-json\/wp\/v2\/tags?post=34308"}],"curies":[{"name":"wp","href":"https:\/\/api.w.org\/{rel}","templated":true}]}}