{"id":34313,"date":"2025-11-14T10:45:00","date_gmt":"2025-11-14T14:45:00","guid":{"rendered":"https:\/\/www.pedroandretta.info\/index\/?p=34313"},"modified":"2025-11-13T20:48:13","modified_gmt":"2025-11-14T00:48:13","slug":"a-porta-entreaberta-bibliotecas-publicas-e-a-crise-do-leitor-no-brasil-jornal-da-usp","status":"publish","type":"post","link":"https:\/\/www.pedroandretta.info\/index\/2025\/11\/a-porta-entreaberta-bibliotecas-publicas-e-a-crise-do-leitor-no-brasil-jornal-da-usp\/","title":{"rendered":"A porta entreaberta: bibliotecas p\u00fablicas e a crise do leitor no Brasil \/ Jornal da USP"},"content":{"rendered":"\n<p><strong>A porta entreaberta: bibliotecas p\u00fablicas e a crise do leitor no Brasil \/ Jornal da USP<\/strong><\/p>\n\n\n\n<p>Chegamos a um ponto em que j\u00e1 n\u00e3o basta repetir o refr\u00e3o da \u201cbiblioteca para todos\u201d. O Pa\u00eds precisa de pol\u00edticas p\u00fablicas consistentes, com financiamento est\u00e1vel, continuidade administrativa e compromisso social real. A intermit\u00eancia \u00e9 a doen\u00e7a cr\u00f4nica da cultura brasileira: cada gest\u00e3o inaugura e desmonta, anuncia e esquece. \u00c9 preciso romper esse ciclo de promessas vazias e reconhecer a biblioteca p\u00fablica como servi\u00e7o essencial, t\u00e3o necess\u00e1rio quanto sa\u00fade e transporte. Investir nelas n\u00e3o \u00e9 benevol\u00eancia, \u00e9 repara\u00e7\u00e3o hist\u00f3rica. O direito \u00e0 leitura, \u00e0 informa\u00e7\u00e3o e \u00e0 conviv\u00eancia cultural precisa deixar de ser tratado como luxo de \u00e9poca e passar a ser garantido como condi\u00e7\u00e3o b\u00e1sica de cidadania.<\/p>\n\n\n\n<p>A Promessa da Porta Aberta sobrevive, mas cada vez mais entre escombros. O paradoxo se aprofundou: multiplicam-se as campanhas que exaltam a leitura enquanto diminuem os leitores. O Pa\u00eds celebra a Semana do Livro com a mesma solenidade com que fecha bibliotecas.<\/p>\n\n\n\n<p>#BibliotecasP\u00fablicas<\/p>\n\n\n\n<p>via Jornal da USP<\/p>\n\n\n\n<p>Dispon\u00edvel em: <a href=\"https:\/\/jornal.usp.br\/artigos\/a-porta-entreaberta-bibliotecas-publicas-e-a-crise-do-leitor-no-brasil\/\">https:\/\/jornal.usp.br\/artigos\/a-porta-entreaberta-bibliotecas-publicas-e-a-crise-do-leitor-no-brasil\/<\/a><\/p>\n","protected":false},"excerpt":{"rendered":"<p>A porta entreaberta: bibliotecas p\u00fablicas e a crise do leitor no Brasil \/ Jornal da USP Chegamos a um ponto em que j\u00e1 n\u00e3o basta repetir o refr\u00e3o da \u201cbiblioteca para todos\u201d. O Pa\u00eds precisa de pol\u00edticas p\u00fablicas consistentes, com financiamento est\u00e1vel, continuidade administrativa e compromisso social real. A intermit\u00eancia \u00e9 a doen\u00e7a cr\u00f4nica da<\/p><\/div>\n<div class=\"blog-btn\"><a href=\"https:\/\/www.pedroandretta.info\/index\/2025\/11\/a-porta-entreaberta-bibliotecas-publicas-e-a-crise-do-leitor-no-brasil-jornal-da-usp\/\" class=\"home-blog-btn\">Ler mais<\/a><\/p>\n","protected":false},"author":1,"featured_media":0,"comment_status":"open","ping_status":"open","sticky":false,"template":"","format":"standard","meta":{"_jetpack_memberships_contains_paid_content":false,"footnotes":"","jetpack_publicize_message":"","jetpack_publicize_feature_enabled":true,"jetpack_social_post_already_shared":true,"jetpack_social_options":{"image_generator_settings":{"template":"highway","default_image_id":0,"font":"","enabled":false},"version":2}},"categories":[21],"tags":[39],"class_list":["post-34313","post","type-post","status-publish","format-standard","hentry","category-informeci","tag-bibliotecaspublicas"],"jetpack_publicize_connections":[],"jetpack_featured_media_url":"","views":"","jetpack_sharing_enabled":true,"_links":{"self":[{"href":"https:\/\/www.pedroandretta.info\/index\/wp-json\/wp\/v2\/posts\/34313","targetHints":{"allow":["GET"]}}],"collection":[{"href":"https:\/\/www.pedroandretta.info\/index\/wp-json\/wp\/v2\/posts"}],"about":[{"href":"https:\/\/www.pedroandretta.info\/index\/wp-json\/wp\/v2\/types\/post"}],"author":[{"embeddable":true,"href":"https:\/\/www.pedroandretta.info\/index\/wp-json\/wp\/v2\/users\/1"}],"replies":[{"embeddable":true,"href":"https:\/\/www.pedroandretta.info\/index\/wp-json\/wp\/v2\/comments?post=34313"}],"version-history":[{"count":0,"href":"https:\/\/www.pedroandretta.info\/index\/wp-json\/wp\/v2\/posts\/34313\/revisions"}],"wp:attachment":[{"href":"https:\/\/www.pedroandretta.info\/index\/wp-json\/wp\/v2\/media?parent=34313"}],"wp:term":[{"taxonomy":"category","embeddable":true,"href":"https:\/\/www.pedroandretta.info\/index\/wp-json\/wp\/v2\/categories?post=34313"},{"taxonomy":"post_tag","embeddable":true,"href":"https:\/\/www.pedroandretta.info\/index\/wp-json\/wp\/v2\/tags?post=34313"}],"curies":[{"name":"wp","href":"https:\/\/api.w.org\/{rel}","templated":true}]}}