{"id":34315,"date":"2025-11-14T10:48:00","date_gmt":"2025-11-14T14:48:00","guid":{"rendered":"https:\/\/www.pedroandretta.info\/index\/?p=34315"},"modified":"2025-11-13T20:50:47","modified_gmt":"2025-11-14T00:50:47","slug":"bibliotecas-passarao-a-ser-obrigatorias-em-escolas-de-natal-saiba-mais","status":"publish","type":"post","link":"https:\/\/www.pedroandretta.info\/index\/2025\/11\/bibliotecas-passarao-a-ser-obrigatorias-em-escolas-de-natal-saiba-mais\/","title":{"rendered":"Bibliotecas passar\u00e3o a ser obrigat\u00f3rias em escolas de Natal \/ Saiba mais"},"content":{"rendered":"\n<p><strong>Bibliotecas passar\u00e3o a ser obrigat\u00f3rias em escolas de Natal \/ Saiba mais<\/strong><\/p>\n\n\n\n<p>A C\u00e2mara de Natal aprovou nesta ter\u00e7a-feira (11), em primeira discuss\u00e3o, um projeto que torna obrigat\u00f3ria a implanta\u00e7\u00e3o de bibliotecas nas institui\u00e7\u00f5es de ensino p\u00fablico municipal. O texto, de autoria da ex-vereadora e atual deputada estadual Divaneide Bas\u00edlio (PT), foi subscrito pelos vereadores Brisa Bracchi (PT) e Daniel Valen\u00e7a (PT).<br>Em junho, uma audi\u00eancia p\u00fablica na C\u00e2mara j\u00e1 havia debatido a falta de bibliotec\u00e1rios nas escolas da rede municipal. \u00c0 \u00e9poca, Gabrielle Tanus, professora do Curso de Biblioteconomia da UFRN, disse que a educa\u00e7\u00e3o \u00e9 um direito p\u00fablico e a biblioteca faz parte desse contexto.<\/p>\n\n\n\n<p>#BibliotecasEscolares<\/p>\n\n\n\n<p>Dispon\u00edvel em: <a href=\"https:\/\/saibamais.jor.br\/2025\/11\/bibliotecas-passarao-a-ser-obrigatorias-em-escolas-de-natal\/\">https:\/\/saibamais.jor.br\/2025\/11\/bibliotecas-passarao-a-ser-obrigatorias-em-escolas-de-natal\/<\/a><\/p>\n\n\n\n<figure class=\"wp-block-image size-large\"><img data-recalc-dims=\"1\" decoding=\"async\" width=\"600\" height=\"400\" src=\"https:\/\/i0.wp.com\/www.pedroandretta.info\/index\/wp-content\/uploads\/2025\/11\/image-19.png?resize=600%2C400&#038;ssl=1\" alt=\"\" class=\"wp-image-34316\" srcset=\"https:\/\/i0.wp.com\/www.pedroandretta.info\/index\/wp-content\/uploads\/2025\/11\/image-19.png?resize=600%2C400&amp;ssl=1 600w, https:\/\/i0.wp.com\/www.pedroandretta.info\/index\/wp-content\/uploads\/2025\/11\/image-19.png?resize=300%2C200&amp;ssl=1 300w, https:\/\/i0.wp.com\/www.pedroandretta.info\/index\/wp-content\/uploads\/2025\/11\/image-19.png?resize=768%2C512&amp;ssl=1 768w, https:\/\/i0.wp.com\/www.pedroandretta.info\/index\/wp-content\/uploads\/2025\/11\/image-19.png?resize=1536%2C1024&amp;ssl=1 1536w, https:\/\/i0.wp.com\/www.pedroandretta.info\/index\/wp-content\/uploads\/2025\/11\/image-19.png?resize=2048%2C1366&amp;ssl=1 2048w, https:\/\/i0.wp.com\/www.pedroandretta.info\/index\/wp-content\/uploads\/2025\/11\/image-19.png?resize=1320%2C880&amp;ssl=1 1320w, https:\/\/i0.wp.com\/www.pedroandretta.info\/index\/wp-content\/uploads\/2025\/11\/image-19.png?w=1392&amp;ssl=1 1392w\" sizes=\"(max-width: 600px) 100vw, 600px\" \/><\/figure>\n","protected":false},"excerpt":{"rendered":"<p>Bibliotecas passar\u00e3o a ser obrigat\u00f3rias em escolas de Natal \/ Saiba mais A C\u00e2mara de Natal aprovou nesta ter\u00e7a-feira (11), em primeira discuss\u00e3o, um projeto que torna obrigat\u00f3ria a implanta\u00e7\u00e3o de bibliotecas nas institui\u00e7\u00f5es de ensino p\u00fablico municipal. O texto, de autoria da ex-vereadora e atual deputada estadual Divaneide Bas\u00edlio (PT), foi subscrito pelos vereadores<\/p><\/div>\n<div class=\"blog-btn\"><a href=\"https:\/\/www.pedroandretta.info\/index\/2025\/11\/bibliotecas-passarao-a-ser-obrigatorias-em-escolas-de-natal-saiba-mais\/\" class=\"home-blog-btn\">Ler mais<\/a><\/p>\n","protected":false},"author":1,"featured_media":0,"comment_status":"open","ping_status":"open","sticky":false,"template":"","format":"standard","meta":{"_jetpack_memberships_contains_paid_content":false,"footnotes":"","jetpack_publicize_message":"","jetpack_publicize_feature_enabled":true,"jetpack_social_post_already_shared":true,"jetpack_social_options":{"image_generator_settings":{"template":"highway","default_image_id":0,"font":"","enabled":false},"version":2}},"categories":[21],"tags":[79],"class_list":["post-34315","post","type-post","status-publish","format-standard","hentry","category-informeci","tag-bibliotecasescolares"],"jetpack_publicize_connections":[],"jetpack_featured_media_url":"","views":"","jetpack_sharing_enabled":true,"_links":{"self":[{"href":"https:\/\/www.pedroandretta.info\/index\/wp-json\/wp\/v2\/posts\/34315","targetHints":{"allow":["GET"]}}],"collection":[{"href":"https:\/\/www.pedroandretta.info\/index\/wp-json\/wp\/v2\/posts"}],"about":[{"href":"https:\/\/www.pedroandretta.info\/index\/wp-json\/wp\/v2\/types\/post"}],"author":[{"embeddable":true,"href":"https:\/\/www.pedroandretta.info\/index\/wp-json\/wp\/v2\/users\/1"}],"replies":[{"embeddable":true,"href":"https:\/\/www.pedroandretta.info\/index\/wp-json\/wp\/v2\/comments?post=34315"}],"version-history":[{"count":0,"href":"https:\/\/www.pedroandretta.info\/index\/wp-json\/wp\/v2\/posts\/34315\/revisions"}],"wp:attachment":[{"href":"https:\/\/www.pedroandretta.info\/index\/wp-json\/wp\/v2\/media?parent=34315"}],"wp:term":[{"taxonomy":"category","embeddable":true,"href":"https:\/\/www.pedroandretta.info\/index\/wp-json\/wp\/v2\/categories?post=34315"},{"taxonomy":"post_tag","embeddable":true,"href":"https:\/\/www.pedroandretta.info\/index\/wp-json\/wp\/v2\/tags?post=34315"}],"curies":[{"name":"wp","href":"https:\/\/api.w.org\/{rel}","templated":true}]}}