{"id":34331,"date":"2025-11-15T10:14:00","date_gmt":"2025-11-15T14:14:00","guid":{"rendered":"https:\/\/www.pedroandretta.info\/index\/?p=34331"},"modified":"2025-11-14T21:16:33","modified_gmt":"2025-11-15T01:16:33","slug":"utilizacao-de-recursos-multimidia-em-periodicos-cientificos-e-lis","status":"publish","type":"post","link":"https:\/\/www.pedroandretta.info\/index\/2025\/11\/utilizacao-de-recursos-multimidia-em-periodicos-cientificos-e-lis\/","title":{"rendered":"Utiliza\u00e7\u00e3o de recursos multim\u00eddia em peri\u00f3dicos cient\u00edficos \/ E-LIS"},"content":{"rendered":"\n<p><strong>Utiliza\u00e7\u00e3o de recursos multim\u00eddia em peri\u00f3dicos cient\u00edficos \/ E-LIS<\/strong><\/p>\n\n\n\n<p>Para divulga\u00e7\u00e3o cient\u00edfica, a maioria dos peri\u00f3dicos utiliza texto com imagens e recorre principalmente ao Facebook e Instagram, com ado\u00e7\u00e3o limitada de plataformas audiovisuais. As principais barreiras incluem a falta de pessoal treinado, financiamento limitado e a r\u00e1pida evolu\u00e7\u00e3o da publica\u00e7\u00e3o digital. O estudo enfatiza a necessidade de apoio institucional, treinamento e estrat\u00e9gias de sustentabilidade para expandir a integra\u00e7\u00e3o de multim\u00eddia na comunica\u00e7\u00e3o acad\u00eamica e destaca ferramentas baseadas em intelig\u00eancia artificial (como Play.ht, Lumen5 e Canva) como oportunidades emergentes.<\/p>\n\n\n\n<p>#Peri\u00f3dicos<\/p>\n\n\n\n<p>Dispon\u00edvel em: <a href=\"http:\/\/eprints.rclis.org\/47240\/\">http:\/\/eprints.rclis.org\/47240\/<\/a><\/p>\n\n\n\n<figure class=\"wp-block-image size-large\"><img data-recalc-dims=\"1\" decoding=\"async\" width=\"600\" height=\"323\" src=\"https:\/\/i0.wp.com\/www.pedroandretta.info\/index\/wp-content\/uploads\/2025\/11\/image-23.png?resize=600%2C323&#038;ssl=1\" alt=\"\" class=\"wp-image-34332\" srcset=\"https:\/\/i0.wp.com\/www.pedroandretta.info\/index\/wp-content\/uploads\/2025\/11\/image-23.png?resize=600%2C323&amp;ssl=1 600w, https:\/\/i0.wp.com\/www.pedroandretta.info\/index\/wp-content\/uploads\/2025\/11\/image-23.png?resize=300%2C162&amp;ssl=1 300w, https:\/\/i0.wp.com\/www.pedroandretta.info\/index\/wp-content\/uploads\/2025\/11\/image-23.png?resize=768%2C414&amp;ssl=1 768w, https:\/\/i0.wp.com\/www.pedroandretta.info\/index\/wp-content\/uploads\/2025\/11\/image-23.png?w=1087&amp;ssl=1 1087w\" sizes=\"(max-width: 600px) 100vw, 600px\" \/><\/figure>\n","protected":false},"excerpt":{"rendered":"<p>Utiliza\u00e7\u00e3o de recursos multim\u00eddia em peri\u00f3dicos cient\u00edficos \/ E-LIS Para divulga\u00e7\u00e3o cient\u00edfica, a maioria dos peri\u00f3dicos utiliza texto com imagens e recorre principalmente ao Facebook e Instagram, com ado\u00e7\u00e3o limitada de plataformas audiovisuais. As principais barreiras incluem a falta de pessoal treinado, financiamento limitado e a r\u00e1pida evolu\u00e7\u00e3o da publica\u00e7\u00e3o digital. O estudo enfatiza a<\/p><\/div>\n<div class=\"blog-btn\"><a href=\"https:\/\/www.pedroandretta.info\/index\/2025\/11\/utilizacao-de-recursos-multimidia-em-periodicos-cientificos-e-lis\/\" class=\"home-blog-btn\">Ler mais<\/a><\/p>\n","protected":false},"author":1,"featured_media":0,"comment_status":"open","ping_status":"open","sticky":false,"template":"","format":"standard","meta":{"_jetpack_memberships_contains_paid_content":false,"footnotes":"","jetpack_publicize_message":"","jetpack_publicize_feature_enabled":true,"jetpack_social_post_already_shared":true,"jetpack_social_options":{"image_generator_settings":{"template":"highway","default_image_id":0,"font":"","enabled":false},"version":2}},"categories":[21],"tags":[243],"class_list":["post-34331","post","type-post","status-publish","format-standard","hentry","category-informeci","tag-periodicos"],"jetpack_publicize_connections":[],"jetpack_featured_media_url":"","views":"","jetpack_sharing_enabled":true,"_links":{"self":[{"href":"https:\/\/www.pedroandretta.info\/index\/wp-json\/wp\/v2\/posts\/34331","targetHints":{"allow":["GET"]}}],"collection":[{"href":"https:\/\/www.pedroandretta.info\/index\/wp-json\/wp\/v2\/posts"}],"about":[{"href":"https:\/\/www.pedroandretta.info\/index\/wp-json\/wp\/v2\/types\/post"}],"author":[{"embeddable":true,"href":"https:\/\/www.pedroandretta.info\/index\/wp-json\/wp\/v2\/users\/1"}],"replies":[{"embeddable":true,"href":"https:\/\/www.pedroandretta.info\/index\/wp-json\/wp\/v2\/comments?post=34331"}],"version-history":[{"count":0,"href":"https:\/\/www.pedroandretta.info\/index\/wp-json\/wp\/v2\/posts\/34331\/revisions"}],"wp:attachment":[{"href":"https:\/\/www.pedroandretta.info\/index\/wp-json\/wp\/v2\/media?parent=34331"}],"wp:term":[{"taxonomy":"category","embeddable":true,"href":"https:\/\/www.pedroandretta.info\/index\/wp-json\/wp\/v2\/categories?post=34331"},{"taxonomy":"post_tag","embeddable":true,"href":"https:\/\/www.pedroandretta.info\/index\/wp-json\/wp\/v2\/tags?post=34331"}],"curies":[{"name":"wp","href":"https:\/\/api.w.org\/{rel}","templated":true}]}}