{"id":34401,"date":"2025-11-19T12:56:00","date_gmt":"2025-11-19T16:56:00","guid":{"rendered":"https:\/\/www.pedroandretta.info\/index\/?p=34401"},"modified":"2025-11-18T13:58:18","modified_gmt":"2025-11-18T17:58:18","slug":"anais-do-xxiii-seminario-nacional-de-bibliotecas-universitarias-2025","status":"publish","type":"post","link":"https:\/\/www.pedroandretta.info\/index\/2025\/11\/anais-do-xxiii-seminario-nacional-de-bibliotecas-universitarias-2025\/","title":{"rendered":"Anais do XXIII Semin\u00e1rio Nacional de Bibliotecas Universit\u00e1rias (2025)"},"content":{"rendered":"\n<p><strong>Anais do XXIII Semin\u00e1rio Nacional de Bibliotecas Universit\u00e1rias (2025)<\/strong><\/p>\n\n\n\n<p>Anais do XXIII Semin\u00e1rio Nacional de Bibliotecas Universit\u00e1rias (SNBU 2025), realizado em S\u00e3o Paulo, de 17 a 20 de novembro de 2025, com o tema &#8220;Ci\u00eancia Aberta: realidade (im)poss\u00edvel?&#8221;, em parceria com a Ag\u00eancia de Bibliotecas e Cole\u00e7\u00f5es Digitais da Universidade de S\u00e3o Paulo (ABCD USP).<\/p>\n\n\n\n<p>#Anais #SNBU<\/p>\n\n\n\n<p>Dispon\u00edvel em: <a href=\"https:\/\/portal.febab.org.br\/snbu2025\">https:\/\/portal.febab.org.br\/snbu2025<\/a><\/p>\n\n\n\n<figure class=\"wp-block-image size-large\"><img data-recalc-dims=\"1\" decoding=\"async\" width=\"480\" height=\"600\" src=\"https:\/\/i0.wp.com\/www.pedroandretta.info\/index\/wp-content\/uploads\/2025\/11\/image-42.png?resize=480%2C600&#038;ssl=1\" alt=\"\" class=\"wp-image-34402\" srcset=\"https:\/\/i0.wp.com\/www.pedroandretta.info\/index\/wp-content\/uploads\/2025\/11\/image-42.png?resize=480%2C600&amp;ssl=1 480w, https:\/\/i0.wp.com\/www.pedroandretta.info\/index\/wp-content\/uploads\/2025\/11\/image-42.png?resize=240%2C300&amp;ssl=1 240w, https:\/\/i0.wp.com\/www.pedroandretta.info\/index\/wp-content\/uploads\/2025\/11\/image-42.png?resize=768%2C960&amp;ssl=1 768w, https:\/\/i0.wp.com\/www.pedroandretta.info\/index\/wp-content\/uploads\/2025\/11\/image-42.png?w=1080&amp;ssl=1 1080w\" sizes=\"(max-width: 480px) 100vw, 480px\" \/><\/figure>\n","protected":false},"excerpt":{"rendered":"<p>Anais do XXIII Semin\u00e1rio Nacional de Bibliotecas Universit\u00e1rias (2025) Anais do XXIII Semin\u00e1rio Nacional de Bibliotecas Universit\u00e1rias (SNBU 2025), realizado em S\u00e3o Paulo, de 17 a 20 de novembro de 2025, com o tema &#8220;Ci\u00eancia Aberta: realidade (im)poss\u00edvel?&#8221;, em parceria com a Ag\u00eancia de Bibliotecas e Cole\u00e7\u00f5es Digitais da Universidade de S\u00e3o Paulo (ABCD USP).<\/p><\/div>\n<div class=\"blog-btn\"><a href=\"https:\/\/www.pedroandretta.info\/index\/2025\/11\/anais-do-xxiii-seminario-nacional-de-bibliotecas-universitarias-2025\/\" class=\"home-blog-btn\">Ler mais<\/a><\/p>\n","protected":false},"author":1,"featured_media":0,"comment_status":"open","ping_status":"open","sticky":false,"template":"","format":"standard","meta":{"_jetpack_memberships_contains_paid_content":false,"footnotes":"","jetpack_publicize_message":"","jetpack_publicize_feature_enabled":true,"jetpack_social_post_already_shared":true,"jetpack_social_options":{"image_generator_settings":{"template":"highway","default_image_id":0,"font":"","enabled":false},"version":2}},"categories":[21],"tags":[3207,4029],"class_list":["post-34401","post","type-post","status-publish","format-standard","hentry","category-informeci","tag-anaisci","tag-snbu"],"jetpack_publicize_connections":[],"jetpack_featured_media_url":"","views":"","jetpack_sharing_enabled":true,"_links":{"self":[{"href":"https:\/\/www.pedroandretta.info\/index\/wp-json\/wp\/v2\/posts\/34401","targetHints":{"allow":["GET"]}}],"collection":[{"href":"https:\/\/www.pedroandretta.info\/index\/wp-json\/wp\/v2\/posts"}],"about":[{"href":"https:\/\/www.pedroandretta.info\/index\/wp-json\/wp\/v2\/types\/post"}],"author":[{"embeddable":true,"href":"https:\/\/www.pedroandretta.info\/index\/wp-json\/wp\/v2\/users\/1"}],"replies":[{"embeddable":true,"href":"https:\/\/www.pedroandretta.info\/index\/wp-json\/wp\/v2\/comments?post=34401"}],"version-history":[{"count":0,"href":"https:\/\/www.pedroandretta.info\/index\/wp-json\/wp\/v2\/posts\/34401\/revisions"}],"wp:attachment":[{"href":"https:\/\/www.pedroandretta.info\/index\/wp-json\/wp\/v2\/media?parent=34401"}],"wp:term":[{"taxonomy":"category","embeddable":true,"href":"https:\/\/www.pedroandretta.info\/index\/wp-json\/wp\/v2\/categories?post=34401"},{"taxonomy":"post_tag","embeddable":true,"href":"https:\/\/www.pedroandretta.info\/index\/wp-json\/wp\/v2\/tags?post=34401"}],"curies":[{"name":"wp","href":"https:\/\/api.w.org\/{rel}","templated":true}]}}