{"id":34412,"date":"2025-11-20T11:27:00","date_gmt":"2025-11-20T15:27:00","guid":{"rendered":"https:\/\/www.pedroandretta.info\/index\/?p=34412"},"modified":"2025-11-19T14:30:56","modified_gmt":"2025-11-19T18:30:56","slug":"o-conceito-de-corpo-documento-a-luz-da-teoria-da-documentalidade-perspectivas-a-partir-da-operacionalizacao-da-lei-de-cotas-para-pessoas-negras-em-universidades-federais-brasileiras-ppgci-ibict","status":"publish","type":"post","link":"https:\/\/www.pedroandretta.info\/index\/2025\/11\/o-conceito-de-corpo-documento-a-luz-da-teoria-da-documentalidade-perspectivas-a-partir-da-operacionalizacao-da-lei-de-cotas-para-pessoas-negras-em-universidades-federais-brasileiras-ppgci-ibict\/","title":{"rendered":"O conceito de corpo-documento \u00e0 luz da teoria da documentalidade: perspectivas a partir da operacionaliza\u00e7\u00e3o da Lei de Cotas para pessoas negras em universidades federais brasileiras \/ PPGCI &#8211; IBICT"},"content":{"rendered":"\n<p><strong>O conceito de corpo-documento \u00e0 luz da teoria da documentalidade: perspectivas a partir da operacionaliza\u00e7\u00e3o da Lei de Cotas para pessoas negras em universidades federais brasileiras \/ PPGCI &#8211; IBICT<\/strong><\/p>\n\n\n\n<p>\u00a0A hip\u00f3tese central \u00e9 que o corpo negro pode ser considerado documento no contexto da operacionaliza\u00e7\u00e3o das cotas raciais para o acesso \u00e0 gradua\u00e7\u00e3o em universidades federais. Os resultados da pesquisa demonstram que o acesso \u00e0s cotas raciais se concretiza por um duplo vi\u00e9s: o corpo e o documento. Nesse processo, o corpo transita entre as condi\u00e7\u00f5es documental e document\u00e1ria, pois serve como evid\u00eancia de pertencimento racial e \u00e9 oficialmente reconhecido como documento, ante os procedimentos de valida\u00e7\u00e3o da autodeclara\u00e7\u00e3o racial realizados pela comiss\u00e3o de heteroidentifica\u00e7\u00e3o. O estudo contribui para a expans\u00e3o da no\u00e7\u00e3o de documento ao propor novas perspectivas, a partir do conceito de corpo-documento e das experi\u00eancias de reconhecimento racial no ensino superior.<\/p>\n\n\n\n<p>#Documentalidade #LeiDeCotas<\/p>\n\n\n\n<p>Dispon\u00edvel em: <a href=\"https:\/\/ridi.ibict.br\/handle\/123456789\/1428\">https:\/\/ridi.ibict.br\/handle\/123456789\/1428<\/a><\/p>\n\n\n\n<figure class=\"wp-block-image size-large\"><img data-recalc-dims=\"1\" decoding=\"async\" width=\"432\" height=\"600\" src=\"https:\/\/i0.wp.com\/www.pedroandretta.info\/index\/wp-content\/uploads\/2025\/11\/image-45.png?resize=432%2C600&#038;ssl=1\" alt=\"\" class=\"wp-image-34413\" srcset=\"https:\/\/i0.wp.com\/www.pedroandretta.info\/index\/wp-content\/uploads\/2025\/11\/image-45.png?resize=432%2C600&amp;ssl=1 432w, https:\/\/i0.wp.com\/www.pedroandretta.info\/index\/wp-content\/uploads\/2025\/11\/image-45.png?resize=216%2C300&amp;ssl=1 216w, https:\/\/i0.wp.com\/www.pedroandretta.info\/index\/wp-content\/uploads\/2025\/11\/image-45.png?w=543&amp;ssl=1 543w\" sizes=\"(max-width: 432px) 100vw, 432px\" \/><\/figure>\n","protected":false},"excerpt":{"rendered":"<p>O conceito de corpo-documento \u00e0 luz da teoria da documentalidade: perspectivas a partir da operacionaliza\u00e7\u00e3o da Lei de Cotas para pessoas negras em universidades federais brasileiras \/ PPGCI &#8211; IBICT \u00a0A hip\u00f3tese central \u00e9 que o corpo negro pode ser considerado documento no contexto da operacionaliza\u00e7\u00e3o das cotas raciais para o acesso \u00e0 gradua\u00e7\u00e3o em<\/p><\/div>\n<div class=\"blog-btn\"><a href=\"https:\/\/www.pedroandretta.info\/index\/2025\/11\/o-conceito-de-corpo-documento-a-luz-da-teoria-da-documentalidade-perspectivas-a-partir-da-operacionalizacao-da-lei-de-cotas-para-pessoas-negras-em-universidades-federais-brasileiras-ppgci-ibict\/\" class=\"home-blog-btn\">Ler mais<\/a><\/p>\n","protected":false},"author":1,"featured_media":0,"comment_status":"open","ping_status":"open","sticky":false,"template":"","format":"standard","meta":{"_jetpack_memberships_contains_paid_content":false,"footnotes":"","jetpack_publicize_message":"","jetpack_publicize_feature_enabled":true,"jetpack_social_post_already_shared":true,"jetpack_social_options":{"image_generator_settings":{"template":"highway","default_image_id":0,"font":"","enabled":false},"version":2}},"categories":[21],"tags":[54,1791,3435],"class_list":["post-34412","post","type-post","status-publish","format-standard","hentry","category-informeci","tag-documentalidade","tag-leidecotas","tag-populacaonegra"],"jetpack_publicize_connections":[],"jetpack_featured_media_url":"","views":"","jetpack_sharing_enabled":true,"_links":{"self":[{"href":"https:\/\/www.pedroandretta.info\/index\/wp-json\/wp\/v2\/posts\/34412","targetHints":{"allow":["GET"]}}],"collection":[{"href":"https:\/\/www.pedroandretta.info\/index\/wp-json\/wp\/v2\/posts"}],"about":[{"href":"https:\/\/www.pedroandretta.info\/index\/wp-json\/wp\/v2\/types\/post"}],"author":[{"embeddable":true,"href":"https:\/\/www.pedroandretta.info\/index\/wp-json\/wp\/v2\/users\/1"}],"replies":[{"embeddable":true,"href":"https:\/\/www.pedroandretta.info\/index\/wp-json\/wp\/v2\/comments?post=34412"}],"version-history":[{"count":0,"href":"https:\/\/www.pedroandretta.info\/index\/wp-json\/wp\/v2\/posts\/34412\/revisions"}],"wp:attachment":[{"href":"https:\/\/www.pedroandretta.info\/index\/wp-json\/wp\/v2\/media?parent=34412"}],"wp:term":[{"taxonomy":"category","embeddable":true,"href":"https:\/\/www.pedroandretta.info\/index\/wp-json\/wp\/v2\/categories?post=34412"},{"taxonomy":"post_tag","embeddable":true,"href":"https:\/\/www.pedroandretta.info\/index\/wp-json\/wp\/v2\/tags?post=34412"}],"curies":[{"name":"wp","href":"https:\/\/api.w.org\/{rel}","templated":true}]}}