{"id":34453,"date":"2025-11-22T10:50:00","date_gmt":"2025-11-22T14:50:00","guid":{"rendered":"https:\/\/www.pedroandretta.info\/index\/?p=34453"},"modified":"2025-11-21T16:52:04","modified_gmt":"2025-11-21T20:52:04","slug":"o-momento-sublime-da-biblioteca-jornal-da-usp","status":"publish","type":"post","link":"https:\/\/www.pedroandretta.info\/index\/2025\/11\/o-momento-sublime-da-biblioteca-jornal-da-usp\/","title":{"rendered":"O momento sublime da biblioteca \/ Jornal da USP"},"content":{"rendered":"\n<p><strong>O momento sublime da biblioteca \/ Jornal da USP<\/strong><\/p>\n\n\n\n<p>A biblioteca chegou ao seu momento de sublima\u00e7\u00e3o. Ela, enquanto conceito e pr\u00e1tica, transcendeu o que lhe era material, administrativo ou espacial. A biblioteca n\u00e3o depende mais de uma s\u00e9rie de atividades, produtos ou tipologias documentais que a prendiam ao seu car\u00e1ter atrelado ao objeto da cultura material: o livro. Com os avan\u00e7os tecnol\u00f3gicos, a digitaliza\u00e7\u00e3o dos conte\u00fados e dos acervos, e o uso da intelig\u00eancia artificial aplicada ao tratamento da informa\u00e7\u00e3o, ao atendimento e \u00e0 realiza\u00e7\u00e3o de a\u00e7\u00f5es culturais com os usu\u00e1rios, a biblioteca atinge seu momento sublime.<\/p>\n\n\n\n<p>(&#8230;) Esses s\u00e3o os novos e futuros desafios ainda n\u00e3o explorados: as bibliotecas injetadas em nossos corpos e a expans\u00e3o para o extraplano da informa\u00e7\u00e3o. Vivemos o momento em que a biblioteca atua e se posiciona de maneira sublime. Do material ao imaterial, a biblioteca \u00e9, hoje, uma institui\u00e7\u00e3o-s\u00edmbolo.<\/p>\n\n\n\n<p>#Bibliotecas<\/p>\n\n\n\n<p>via Jornal da USP<\/p>\n\n\n\n<p>Dispon\u00edvel em: <a href=\"https:\/\/jornal.usp.br\/artigos\/o-momento-sublime-da-biblioteca\/\">https:\/\/jornal.usp.br\/artigos\/o-momento-sublime-da-biblioteca\/<\/a><\/p>\n","protected":false},"excerpt":{"rendered":"<p>O momento sublime da biblioteca \/ Jornal da USP A biblioteca chegou ao seu momento de sublima\u00e7\u00e3o. Ela, enquanto conceito e pr\u00e1tica, transcendeu o que lhe era material, administrativo ou espacial. A biblioteca n\u00e3o depende mais de uma s\u00e9rie de atividades, produtos ou tipologias documentais que a prendiam ao seu car\u00e1ter atrelado ao objeto da<\/p><\/div>\n<div class=\"blog-btn\"><a href=\"https:\/\/www.pedroandretta.info\/index\/2025\/11\/o-momento-sublime-da-biblioteca-jornal-da-usp\/\" class=\"home-blog-btn\">Ler mais<\/a><\/p>\n","protected":false},"author":1,"featured_media":0,"comment_status":"open","ping_status":"open","sticky":false,"template":"","format":"standard","meta":{"_jetpack_memberships_contains_paid_content":false,"footnotes":"","jetpack_publicize_message":"","jetpack_publicize_feature_enabled":true,"jetpack_social_post_already_shared":true,"jetpack_social_options":{"image_generator_settings":{"template":"highway","default_image_id":0,"font":"","enabled":false},"version":2}},"categories":[21],"tags":[38],"class_list":["post-34453","post","type-post","status-publish","format-standard","hentry","category-informeci","tag-bibliotecas"],"jetpack_publicize_connections":[],"jetpack_featured_media_url":"","views":"","jetpack_sharing_enabled":true,"_links":{"self":[{"href":"https:\/\/www.pedroandretta.info\/index\/wp-json\/wp\/v2\/posts\/34453","targetHints":{"allow":["GET"]}}],"collection":[{"href":"https:\/\/www.pedroandretta.info\/index\/wp-json\/wp\/v2\/posts"}],"about":[{"href":"https:\/\/www.pedroandretta.info\/index\/wp-json\/wp\/v2\/types\/post"}],"author":[{"embeddable":true,"href":"https:\/\/www.pedroandretta.info\/index\/wp-json\/wp\/v2\/users\/1"}],"replies":[{"embeddable":true,"href":"https:\/\/www.pedroandretta.info\/index\/wp-json\/wp\/v2\/comments?post=34453"}],"version-history":[{"count":0,"href":"https:\/\/www.pedroandretta.info\/index\/wp-json\/wp\/v2\/posts\/34453\/revisions"}],"wp:attachment":[{"href":"https:\/\/www.pedroandretta.info\/index\/wp-json\/wp\/v2\/media?parent=34453"}],"wp:term":[{"taxonomy":"category","embeddable":true,"href":"https:\/\/www.pedroandretta.info\/index\/wp-json\/wp\/v2\/categories?post=34453"},{"taxonomy":"post_tag","embeddable":true,"href":"https:\/\/www.pedroandretta.info\/index\/wp-json\/wp\/v2\/tags?post=34453"}],"curies":[{"name":"wp","href":"https:\/\/api.w.org\/{rel}","templated":true}]}}