{"id":34541,"date":"2025-11-28T10:11:00","date_gmt":"2025-11-28T14:11:00","guid":{"rendered":"https:\/\/www.pedroandretta.info\/index\/?p=34541"},"modified":"2025-11-27T21:13:33","modified_gmt":"2025-11-28T01:13:33","slug":"11-livros-infantojuvenis-para-inspirar-debates-sobre-educacao-ambiental-porvir","status":"publish","type":"post","link":"https:\/\/www.pedroandretta.info\/index\/2025\/11\/11-livros-infantojuvenis-para-inspirar-debates-sobre-educacao-ambiental-porvir\/","title":{"rendered":"11 livros infantojuvenis para inspirar debates sobre educa\u00e7\u00e3o ambiental \/ Porvir"},"content":{"rendered":"\n<p><strong>11 livros infantojuvenis para inspirar debates sobre educa\u00e7\u00e3o ambiental \/ Porvir<\/strong><\/p>\n\n\n\n<p>Com narrativas cativantes e reflexivas, essas obras abordam temas como sustentabilidade, biodiversidade e justi\u00e7a clim\u00e1tica, incentivando crian\u00e7as e adolescentes a se engajarem ativamente na preserva\u00e7\u00e3o ambiental. S\u00e3o uma ferramenta valiosa para educadores que desejam incorporar quest\u00f5es ambientais ao curr\u00edculo escolar<\/p>\n\n\n\n<p>#ListasDeLivros #Educa\u00e7\u00e3oAmbiental #MeioAmbiente #LiteraturaInfantoJuvenil<\/p>\n\n\n\n<p>via Porvir<\/p>\n\n\n\n<p>Dispon\u00edvel em: <a href=\"https:\/\/porvir.org\/educacao-ambiental-11-livros-infantojuvenis\/\">https:\/\/porvir.org\/educacao-ambiental-11-livros-infantojuvenis\/<\/a><\/p>\n\n\n\n<figure class=\"wp-block-image size-large\"><img data-recalc-dims=\"1\" decoding=\"async\" width=\"600\" height=\"355\" src=\"https:\/\/i0.wp.com\/www.pedroandretta.info\/index\/wp-content\/uploads\/2025\/11\/image-76.png?resize=600%2C355&#038;ssl=1\" alt=\"\" class=\"wp-image-34542\" srcset=\"https:\/\/i0.wp.com\/www.pedroandretta.info\/index\/wp-content\/uploads\/2025\/11\/image-76.png?resize=600%2C355&amp;ssl=1 600w, https:\/\/i0.wp.com\/www.pedroandretta.info\/index\/wp-content\/uploads\/2025\/11\/image-76.png?resize=300%2C178&amp;ssl=1 300w, https:\/\/i0.wp.com\/www.pedroandretta.info\/index\/wp-content\/uploads\/2025\/11\/image-76.png?w=760&amp;ssl=1 760w\" sizes=\"(max-width: 600px) 100vw, 600px\" \/><\/figure>\n","protected":false},"excerpt":{"rendered":"<p>11 livros infantojuvenis para inspirar debates sobre educa\u00e7\u00e3o ambiental \/ Porvir Com narrativas cativantes e reflexivas, essas obras abordam temas como sustentabilidade, biodiversidade e justi\u00e7a clim\u00e1tica, incentivando crian\u00e7as e adolescentes a se engajarem ativamente na preserva\u00e7\u00e3o ambiental. S\u00e3o uma ferramenta valiosa para educadores que desejam incorporar quest\u00f5es ambientais ao curr\u00edculo escolar #ListasDeLivros #Educa\u00e7\u00e3oAmbiental #MeioAmbiente #LiteraturaInfantoJuvenil<\/p><\/div>\n<div class=\"blog-btn\"><a href=\"https:\/\/www.pedroandretta.info\/index\/2025\/11\/11-livros-infantojuvenis-para-inspirar-debates-sobre-educacao-ambiental-porvir\/\" class=\"home-blog-btn\">Ler mais<\/a><\/p>\n","protected":false},"author":1,"featured_media":0,"comment_status":"open","ping_status":"open","sticky":false,"template":"","format":"standard","meta":{"_jetpack_memberships_contains_paid_content":false,"footnotes":"","jetpack_publicize_message":"","jetpack_publicize_feature_enabled":true,"jetpack_social_post_already_shared":true,"jetpack_social_options":{"image_generator_settings":{"template":"highway","default_image_id":0,"font":"","enabled":false},"version":2}},"categories":[21],"tags":[991,537,472,1421],"class_list":["post-34541","post","type-post","status-publish","format-standard","hentry","category-informeci","tag-educacaoambiental","tag-listasdelivros","tag-literaturainfantojuvenil","tag-meioambiente"],"jetpack_publicize_connections":[],"jetpack_featured_media_url":"","views":"","jetpack_sharing_enabled":true,"_links":{"self":[{"href":"https:\/\/www.pedroandretta.info\/index\/wp-json\/wp\/v2\/posts\/34541","targetHints":{"allow":["GET"]}}],"collection":[{"href":"https:\/\/www.pedroandretta.info\/index\/wp-json\/wp\/v2\/posts"}],"about":[{"href":"https:\/\/www.pedroandretta.info\/index\/wp-json\/wp\/v2\/types\/post"}],"author":[{"embeddable":true,"href":"https:\/\/www.pedroandretta.info\/index\/wp-json\/wp\/v2\/users\/1"}],"replies":[{"embeddable":true,"href":"https:\/\/www.pedroandretta.info\/index\/wp-json\/wp\/v2\/comments?post=34541"}],"version-history":[{"count":0,"href":"https:\/\/www.pedroandretta.info\/index\/wp-json\/wp\/v2\/posts\/34541\/revisions"}],"wp:attachment":[{"href":"https:\/\/www.pedroandretta.info\/index\/wp-json\/wp\/v2\/media?parent=34541"}],"wp:term":[{"taxonomy":"category","embeddable":true,"href":"https:\/\/www.pedroandretta.info\/index\/wp-json\/wp\/v2\/categories?post=34541"},{"taxonomy":"post_tag","embeddable":true,"href":"https:\/\/www.pedroandretta.info\/index\/wp-json\/wp\/v2\/tags?post=34541"}],"curies":[{"name":"wp","href":"https:\/\/api.w.org\/{rel}","templated":true}]}}