{"id":34544,"date":"2025-11-28T10:13:00","date_gmt":"2025-11-28T14:13:00","guid":{"rendered":"https:\/\/www.pedroandretta.info\/index\/?p=34544"},"modified":"2025-11-27T21:16:56","modified_gmt":"2025-11-28T01:16:56","slug":"a-democracia-esta-em-apuros-podem-as-bibliotecas-publicas-ajudar-cilip","status":"publish","type":"post","link":"https:\/\/www.pedroandretta.info\/index\/2025\/11\/a-democracia-esta-em-apuros-podem-as-bibliotecas-publicas-ajudar-cilip\/","title":{"rendered":"A democracia est\u00e1 em apuros: podem as bibliotecas p\u00fablicas ajudar? \/ CILIP"},"content":{"rendered":"\n<p><strong>A democracia est\u00e1 em apuros: podem as bibliotecas p\u00fablicas ajudar? \/ CILIP<\/strong><\/p>\n\n\n\n<p>Uma pesquisa de 2025 sugere que as bibliotecas p\u00fablicas n\u00e3o facilitam os debates informados necess\u00e1rios para apoiar a democracia. Conversamos com Patrick Malone, Gerente de Projetos da GLL, sobre por que a democracia est\u00e1 em foco nas bibliotecas de Woolwich.<\/p>\n\n\n\n<p>Quando a Scottish Book Trust perguntou com que frequ\u00eancia as bibliotecas \u201cfuncionam como um centro comunit\u00e1rio para debates ou tomadas de decis\u00e3o informadas\u201d, a maioria dos 180 bibliotec\u00e1rios p\u00fablicos que responderam disse \u201cnunca\u201d (22,8%) ou \u201craramente\u201d (28,9%). Esse v\u00e1cuo pol\u00edtico nas bibliotecas surge em um momento crucial, crucial devido aos crescentes problemas de polariza\u00e7\u00e3o e desinforma\u00e7\u00e3o, mas tamb\u00e9m crucial porque, apesar desses problemas, as bibliotecas ainda contam com a confian\u00e7a de suas comunidades.<\/p>\n\n\n\n<p>via CILIP<\/p>\n\n\n\n<p>#BibliotecasP\u00fablicas #Democracia<\/p>\n\n\n\n<p>Dispon\u00edvel em: <a href=\"https:\/\/www.cilip.org.uk\/news\/714729\/\">https:\/\/www.cilip.org.uk\/news\/714729\/<\/a><\/p>\n\n\n\n<figure class=\"wp-block-image size-large\"><img data-recalc-dims=\"1\" decoding=\"async\" width=\"586\" height=\"600\" src=\"https:\/\/i0.wp.com\/www.pedroandretta.info\/index\/wp-content\/uploads\/2025\/11\/image-77.png?resize=586%2C600&#038;ssl=1\" alt=\"\" class=\"wp-image-34545\" srcset=\"https:\/\/i0.wp.com\/www.pedroandretta.info\/index\/wp-content\/uploads\/2025\/11\/image-77.png?resize=586%2C600&amp;ssl=1 586w, https:\/\/i0.wp.com\/www.pedroandretta.info\/index\/wp-content\/uploads\/2025\/11\/image-77.png?resize=293%2C300&amp;ssl=1 293w, https:\/\/i0.wp.com\/www.pedroandretta.info\/index\/wp-content\/uploads\/2025\/11\/image-77.png?w=613&amp;ssl=1 613w\" sizes=\"(max-width: 586px) 100vw, 586px\" \/><\/figure>\n","protected":false},"excerpt":{"rendered":"<p>A democracia est\u00e1 em apuros: podem as bibliotecas p\u00fablicas ajudar? \/ CILIP Uma pesquisa de 2025 sugere que as bibliotecas p\u00fablicas n\u00e3o facilitam os debates informados necess\u00e1rios para apoiar a democracia. Conversamos com Patrick Malone, Gerente de Projetos da GLL, sobre por que a democracia est\u00e1 em foco nas bibliotecas de Woolwich. Quando a Scottish<\/p><\/div>\n<div class=\"blog-btn\"><a href=\"https:\/\/www.pedroandretta.info\/index\/2025\/11\/a-democracia-esta-em-apuros-podem-as-bibliotecas-publicas-ajudar-cilip\/\" class=\"home-blog-btn\">Ler mais<\/a><\/p>\n","protected":false},"author":1,"featured_media":0,"comment_status":"open","ping_status":"open","sticky":false,"template":"","format":"standard","meta":{"_jetpack_memberships_contains_paid_content":false,"footnotes":"","jetpack_publicize_message":"","jetpack_publicize_feature_enabled":true,"jetpack_social_post_already_shared":true,"jetpack_social_options":{"image_generator_settings":{"template":"highway","default_image_id":0,"font":"","enabled":false},"version":2}},"categories":[21],"tags":[39,303],"class_list":["post-34544","post","type-post","status-publish","format-standard","hentry","category-informeci","tag-bibliotecaspublicas","tag-democracia"],"jetpack_publicize_connections":[],"jetpack_featured_media_url":"","views":"","jetpack_sharing_enabled":true,"_links":{"self":[{"href":"https:\/\/www.pedroandretta.info\/index\/wp-json\/wp\/v2\/posts\/34544","targetHints":{"allow":["GET"]}}],"collection":[{"href":"https:\/\/www.pedroandretta.info\/index\/wp-json\/wp\/v2\/posts"}],"about":[{"href":"https:\/\/www.pedroandretta.info\/index\/wp-json\/wp\/v2\/types\/post"}],"author":[{"embeddable":true,"href":"https:\/\/www.pedroandretta.info\/index\/wp-json\/wp\/v2\/users\/1"}],"replies":[{"embeddable":true,"href":"https:\/\/www.pedroandretta.info\/index\/wp-json\/wp\/v2\/comments?post=34544"}],"version-history":[{"count":0,"href":"https:\/\/www.pedroandretta.info\/index\/wp-json\/wp\/v2\/posts\/34544\/revisions"}],"wp:attachment":[{"href":"https:\/\/www.pedroandretta.info\/index\/wp-json\/wp\/v2\/media?parent=34544"}],"wp:term":[{"taxonomy":"category","embeddable":true,"href":"https:\/\/www.pedroandretta.info\/index\/wp-json\/wp\/v2\/categories?post=34544"},{"taxonomy":"post_tag","embeddable":true,"href":"https:\/\/www.pedroandretta.info\/index\/wp-json\/wp\/v2\/tags?post=34544"}],"curies":[{"name":"wp","href":"https:\/\/api.w.org\/{rel}","templated":true}]}}