{"id":34558,"date":"2025-11-29T10:03:00","date_gmt":"2025-11-29T14:03:00","guid":{"rendered":"https:\/\/www.pedroandretta.info\/index\/?p=34558"},"modified":"2025-11-28T18:05:26","modified_gmt":"2025-11-28T22:05:26","slug":"de-olho-na-reestruturacao-do-ensino-medio-no-brasil-revista-educacao","status":"publish","type":"post","link":"https:\/\/www.pedroandretta.info\/index\/2025\/11\/de-olho-na-reestruturacao-do-ensino-medio-no-brasil-revista-educacao\/","title":{"rendered":"De olho na reestrutura\u00e7\u00e3o do ensino m\u00e9dio no Brasil \/ Revista Educa\u00e7\u00e3o"},"content":{"rendered":"\n<p><strong>De olho na reestrutura\u00e7\u00e3o do ensino m\u00e9dio no Brasil \/ Revista Educa\u00e7\u00e3o<\/strong><\/p>\n\n\n\n<p>Dados nacionais revelam um cen\u00e1rio alarmante: segundo o Censo Escolar e avalia\u00e7\u00f5es como o Saeb, o ensino m\u00e9dio apresenta uma das maiores taxas de abandono da educa\u00e7\u00e3o b\u00e1sica. Em algumas redes estaduais, o abandono chega a 10% ao ano, e os \u00edndices de reprova\u00e7\u00e3o seguem elevados. Em l\u00edngua portuguesa e matem\u00e1tica, apenas uma minoria de estudantes atinge n\u00edveis adequados de aprendizagem, o que limita o acesso \u00e0 educa\u00e7\u00e3o superior e compromete a inser\u00e7\u00e3o produtiva no mundo do trabalho.<\/p>\n\n\n\n<p>O desafio \u00e9 ainda maior quando consideramos estudantes de baixa renda, moradores de \u00e1reas rurais, popula\u00e7\u00f5es ind\u00edgenas, quilombolas e jovens trabalhadores, que costumam ser os mais afetados por pol\u00edticas insuficientemente planejadas ou mal implementadas. Nesse contexto, a atualiza\u00e7\u00e3o das diretrizes n\u00e3o \u00e9 apenas necess\u00e1ria, mas inevit\u00e1vel.<\/p>\n\n\n\n<p>#EnsinoM\u00e9dio<\/p>\n\n\n\n<p>via Revista Educa\u00e7\u00e3o<\/p>\n\n\n\n<p>Dispon\u00edvel em: <a href=\"https:\/\/revistaeducacao.com.br\/2025\/11\/27\/reestruturacao-do-ensino-medio\/\">https:\/\/revistaeducacao.com.br\/2025\/11\/27\/reestruturacao-do-ensino-medio\/<\/a><\/p>\n","protected":false},"excerpt":{"rendered":"<p>De olho na reestrutura\u00e7\u00e3o do ensino m\u00e9dio no Brasil \/ Revista Educa\u00e7\u00e3o Dados nacionais revelam um cen\u00e1rio alarmante: segundo o Censo Escolar e avalia\u00e7\u00f5es como o Saeb, o ensino m\u00e9dio apresenta uma das maiores taxas de abandono da educa\u00e7\u00e3o b\u00e1sica. Em algumas redes estaduais, o abandono chega a 10% ao ano, e os \u00edndices de<\/p><\/div>\n<div class=\"blog-btn\"><a href=\"https:\/\/www.pedroandretta.info\/index\/2025\/11\/de-olho-na-reestruturacao-do-ensino-medio-no-brasil-revista-educacao\/\" class=\"home-blog-btn\">Ler mais<\/a><\/p>\n","protected":false},"author":1,"featured_media":0,"comment_status":"open","ping_status":"open","sticky":false,"template":"","format":"standard","meta":{"_jetpack_newsletter_access":"","_jetpack_dont_email_post_to_subs":false,"_jetpack_newsletter_tier_id":0,"_jetpack_memberships_contains_paywalled_content":false,"_jetpack_feature_clip_id":0,"_jetpack_memberships_contains_paid_content":false,"footnotes":"","jetpack_publicize_message":"","jetpack_publicize_feature_enabled":true,"jetpack_social_post_already_shared":true,"jetpack_social_options":{"image_generator_settings":{"template":"highway","default_image_id":0,"font":"","enabled":false},"version":2},"jetpack_post_was_ever_published":false},"categories":[21],"tags":[1253],"class_list":["post-34558","post","type-post","status-publish","format-standard","hentry","category-informeci","tag-ensinomedio"],"jetpack_publicize_connections":[],"jetpack_featured_media_url":"","views":"","jetpack_sharing_enabled":true,"_links":{"self":[{"href":"https:\/\/www.pedroandretta.info\/index\/wp-json\/wp\/v2\/posts\/34558","targetHints":{"allow":["GET"]}}],"collection":[{"href":"https:\/\/www.pedroandretta.info\/index\/wp-json\/wp\/v2\/posts"}],"about":[{"href":"https:\/\/www.pedroandretta.info\/index\/wp-json\/wp\/v2\/types\/post"}],"author":[{"embeddable":true,"href":"https:\/\/www.pedroandretta.info\/index\/wp-json\/wp\/v2\/users\/1"}],"replies":[{"embeddable":true,"href":"https:\/\/www.pedroandretta.info\/index\/wp-json\/wp\/v2\/comments?post=34558"}],"version-history":[{"count":0,"href":"https:\/\/www.pedroandretta.info\/index\/wp-json\/wp\/v2\/posts\/34558\/revisions"}],"wp:attachment":[{"href":"https:\/\/www.pedroandretta.info\/index\/wp-json\/wp\/v2\/media?parent=34558"}],"wp:term":[{"taxonomy":"category","embeddable":true,"href":"https:\/\/www.pedroandretta.info\/index\/wp-json\/wp\/v2\/categories?post=34558"},{"taxonomy":"post_tag","embeddable":true,"href":"https:\/\/www.pedroandretta.info\/index\/wp-json\/wp\/v2\/tags?post=34558"}],"curies":[{"name":"wp","href":"https:\/\/api.w.org\/{rel}","templated":true}]}}