{"id":34560,"date":"2025-11-29T10:05:00","date_gmt":"2025-11-29T14:05:00","guid":{"rendered":"https:\/\/www.pedroandretta.info\/index\/?p=34560"},"modified":"2025-11-28T18:06:56","modified_gmt":"2025-11-28T22:06:56","slug":"mudancas-climaticas-no-brasil-estado-da-arte-e-fronteiras-do-conhecimento-ibict","status":"publish","type":"post","link":"https:\/\/www.pedroandretta.info\/index\/2025\/11\/mudancas-climaticas-no-brasil-estado-da-arte-e-fronteiras-do-conhecimento-ibict\/","title":{"rendered":"Mudan\u00e7as clim\u00e1ticas no Brasil: estado da arte e fronteiras do conhecimento \/ IBICT"},"content":{"rendered":"\n<p><strong>Mudan\u00e7as clim\u00e1ticas no Brasil: estado da arte e fronteiras do conhecimento \/ IBICT<\/strong><\/p>\n\n\n\n<p>O Minist\u00e9rio de Ci\u00eancia, Tecnologia e Inova\u00e7\u00e3o (MCTI) apresenta, neste livro, a contribui\u00e7\u00e3o dos cientistas brasileiros para a Ci\u00eancia das Mudan\u00e7as Clim\u00e1ticas. O livro \u00e9 uma das entregas do MCTI para a COP30. A concep\u00e7\u00e3o dessa obra \u00e9 mais do que coletar as informa\u00e7\u00f5es daquilo que sabemos. Tamb\u00e9m \u00e9 apontar quais os desafios que est\u00e3o colocados na fronteira do conhecimento.<\/p>\n\n\n\n<p>#Mudan\u00e7asClim\u00e1ticas<\/p>\n\n\n\n<p>Dispon\u00edvel em: <a href=\"https:\/\/omp-editora.prd.ibict.br\/index.php\/edibict\/catalog\/book\/378\">https:\/\/omp-editora.prd.ibict.br\/index.php\/edibict\/catalog\/book\/378<\/a><\/p>\n\n\n\n<figure class=\"wp-block-image size-full\"><img data-recalc-dims=\"1\" decoding=\"async\" width=\"209\" height=\"300\" src=\"https:\/\/i0.wp.com\/www.pedroandretta.info\/index\/wp-content\/uploads\/2025\/11\/submission_378_378_coverImage_pt_BR_t.png?resize=209%2C300&#038;ssl=1\" alt=\"\" class=\"wp-image-34561\"\/><\/figure>\n","protected":false},"excerpt":{"rendered":"<p>Mudan\u00e7as clim\u00e1ticas no Brasil: estado da arte e fronteiras do conhecimento \/ IBICT O Minist\u00e9rio de Ci\u00eancia, Tecnologia e Inova\u00e7\u00e3o (MCTI) apresenta, neste livro, a contribui\u00e7\u00e3o dos cientistas brasileiros para a Ci\u00eancia das Mudan\u00e7as Clim\u00e1ticas. O livro \u00e9 uma das entregas do MCTI para a COP30. A concep\u00e7\u00e3o dessa obra \u00e9 mais do que coletar<\/p><\/div>\n<div class=\"blog-btn\"><a href=\"https:\/\/www.pedroandretta.info\/index\/2025\/11\/mudancas-climaticas-no-brasil-estado-da-arte-e-fronteiras-do-conhecimento-ibict\/\" class=\"home-blog-btn\">Ler mais<\/a><\/p>\n","protected":false},"author":1,"featured_media":0,"comment_status":"open","ping_status":"open","sticky":false,"template":"","format":"standard","meta":{"_jetpack_newsletter_access":"","_jetpack_dont_email_post_to_subs":false,"_jetpack_newsletter_tier_id":0,"_jetpack_memberships_contains_paywalled_content":false,"_jetpack_feature_clip_id":0,"_jetpack_memberships_contains_paid_content":false,"footnotes":"","jetpack_publicize_message":"","jetpack_publicize_feature_enabled":true,"jetpack_social_post_already_shared":true,"jetpack_social_options":{"image_generator_settings":{"template":"highway","default_image_id":0,"font":"","enabled":false},"version":2},"jetpack_post_was_ever_published":false},"categories":[21],"tags":[464],"class_list":["post-34560","post","type-post","status-publish","format-standard","hentry","category-informeci","tag-mudancasclimaticas"],"jetpack_publicize_connections":[],"jetpack_featured_media_url":"","views":"","jetpack_sharing_enabled":true,"_links":{"self":[{"href":"https:\/\/www.pedroandretta.info\/index\/wp-json\/wp\/v2\/posts\/34560","targetHints":{"allow":["GET"]}}],"collection":[{"href":"https:\/\/www.pedroandretta.info\/index\/wp-json\/wp\/v2\/posts"}],"about":[{"href":"https:\/\/www.pedroandretta.info\/index\/wp-json\/wp\/v2\/types\/post"}],"author":[{"embeddable":true,"href":"https:\/\/www.pedroandretta.info\/index\/wp-json\/wp\/v2\/users\/1"}],"replies":[{"embeddable":true,"href":"https:\/\/www.pedroandretta.info\/index\/wp-json\/wp\/v2\/comments?post=34560"}],"version-history":[{"count":0,"href":"https:\/\/www.pedroandretta.info\/index\/wp-json\/wp\/v2\/posts\/34560\/revisions"}],"wp:attachment":[{"href":"https:\/\/www.pedroandretta.info\/index\/wp-json\/wp\/v2\/media?parent=34560"}],"wp:term":[{"taxonomy":"category","embeddable":true,"href":"https:\/\/www.pedroandretta.info\/index\/wp-json\/wp\/v2\/categories?post=34560"},{"taxonomy":"post_tag","embeddable":true,"href":"https:\/\/www.pedroandretta.info\/index\/wp-json\/wp\/v2\/tags?post=34560"}],"curies":[{"name":"wp","href":"https:\/\/api.w.org\/{rel}","templated":true}]}}