{"id":34599,"date":"2025-12-01T08:53:08","date_gmt":"2025-12-01T12:53:08","guid":{"rendered":"https:\/\/www.pedroandretta.info\/index\/?p=34599"},"modified":"2025-12-01T08:53:10","modified_gmt":"2025-12-01T12:53:10","slug":"producao-cientifica-em-gestao-da-informacao-dialogo-entre-ciencia-da-informacao-e-administracao-ppgci-ufsc","status":"publish","type":"post","link":"https:\/\/www.pedroandretta.info\/index\/2025\/12\/producao-cientifica-em-gestao-da-informacao-dialogo-entre-ciencia-da-informacao-e-administracao-ppgci-ufsc\/","title":{"rendered":"Produ\u00e7\u00e3o cient\u00edfica em gest\u00e3o da informa\u00e7\u00e3o: di\u00e1logo entre Ci\u00eancia da Informa\u00e7\u00e3o e Administra\u00e7\u00e3o \/ PPGCI &#8211; UFSC"},"content":{"rendered":"\n<p><strong>Produ\u00e7\u00e3o cient\u00edfica em gest\u00e3o da informa\u00e7\u00e3o: di\u00e1logo entre Ci\u00eancia da Informa\u00e7\u00e3o e Administra\u00e7\u00e3o \/ PPGCI &#8211; UFSC<\/strong><\/p>\n\n\n\n<p>(&#8230;) como resultado o presente trabalho, evidencia as principais aproxima\u00e7\u00f5es entre os dom\u00ednios e autores de cada \u00e1rea, com \u00eanfase aos dom\u00ednios da Gest\u00e3o da Informa\u00e7\u00e3o, Ci\u00eancia da Informa\u00e7\u00e3o, Gest\u00e3o do Conhecimento, e Gest\u00e3o Documental, presentes em ambas as \u00e1reas e apresentando fortes liga\u00e7\u00f5es entre si. Por fim sobre a converg\u00eancia entre os autores das \u00e1reas, observa-se que alguns autores transitam por ambas as \u00e1reas; sendo tra\u00e7ado um paralelo, por meio dos seus principais conceitos, e concluindo-se de maneira geral que a defini\u00e7\u00e3o de Gest\u00e3o da Informa\u00e7\u00e3o, trata-se de um conjunto de atividades que visam cuidar e gerir a informa\u00e7\u00e3o da melhor forma poss\u00edvel, buscando por sua m\u00e1xima efici\u00eancia.<\/p>\n\n\n\n<p>#Produ\u00e7\u00e3oCient\u00edfica #Administra\u00e7\u00e3o #Gest\u00e3oDaInforma\u00e7\u00e3o<\/p>\n\n\n\n<p>Dispon\u00edvel em: <a href=\"https:\/\/repositorio.ufsc.br\/handle\/123456789\/270172\">https:\/\/repositorio.ufsc.br\/handle\/123456789\/270172<\/a><\/p>\n\n\n\n<figure class=\"wp-block-image size-large\"><img data-recalc-dims=\"1\" decoding=\"async\" width=\"413\" height=\"600\" src=\"https:\/\/i0.wp.com\/www.pedroandretta.info\/index\/wp-content\/uploads\/2025\/12\/image-2.png?resize=413%2C600&#038;ssl=1\" alt=\"\" class=\"wp-image-34600\" srcset=\"https:\/\/i0.wp.com\/www.pedroandretta.info\/index\/wp-content\/uploads\/2025\/12\/image-2.png?resize=413%2C600&amp;ssl=1 413w, https:\/\/i0.wp.com\/www.pedroandretta.info\/index\/wp-content\/uploads\/2025\/12\/image-2.png?resize=206%2C300&amp;ssl=1 206w, https:\/\/i0.wp.com\/www.pedroandretta.info\/index\/wp-content\/uploads\/2025\/12\/image-2.png?w=561&amp;ssl=1 561w\" sizes=\"(max-width: 413px) 100vw, 413px\" \/><\/figure>\n","protected":false},"excerpt":{"rendered":"<p>Produ\u00e7\u00e3o cient\u00edfica em gest\u00e3o da informa\u00e7\u00e3o: di\u00e1logo entre Ci\u00eancia da Informa\u00e7\u00e3o e Administra\u00e7\u00e3o \/ PPGCI &#8211; UFSC (&#8230;) como resultado o presente trabalho, evidencia as principais aproxima\u00e7\u00f5es entre os dom\u00ednios e autores de cada \u00e1rea, com \u00eanfase aos dom\u00ednios da Gest\u00e3o da Informa\u00e7\u00e3o, Ci\u00eancia da Informa\u00e7\u00e3o, Gest\u00e3o do Conhecimento, e Gest\u00e3o Documental, presentes em ambas<\/p><\/div>\n<div class=\"blog-btn\"><a href=\"https:\/\/www.pedroandretta.info\/index\/2025\/12\/producao-cientifica-em-gestao-da-informacao-dialogo-entre-ciencia-da-informacao-e-administracao-ppgci-ufsc\/\" class=\"home-blog-btn\">Ler mais<\/a><\/p>\n","protected":false},"author":1,"featured_media":0,"comment_status":"open","ping_status":"open","sticky":false,"template":"","format":"standard","meta":{"_jetpack_newsletter_access":"","_jetpack_dont_email_post_to_subs":false,"_jetpack_newsletter_tier_id":0,"_jetpack_memberships_contains_paywalled_content":false,"_jetpack_feature_clip_id":0,"_jetpack_memberships_contains_paid_content":false,"footnotes":"","jetpack_publicize_message":"","jetpack_publicize_feature_enabled":true,"jetpack_social_post_already_shared":true,"jetpack_social_options":{"image_generator_settings":{"template":"highway","default_image_id":0,"font":"","enabled":false},"version":2},"jetpack_post_was_ever_published":false},"categories":[21],"tags":[481,248,337],"class_list":["post-34599","post","type-post","status-publish","format-standard","hentry","category-informeci","tag-administracao","tag-gestaodainformacao","tag-producaocientifica"],"jetpack_publicize_connections":[],"jetpack_featured_media_url":"","views":"","jetpack_sharing_enabled":true,"_links":{"self":[{"href":"https:\/\/www.pedroandretta.info\/index\/wp-json\/wp\/v2\/posts\/34599","targetHints":{"allow":["GET"]}}],"collection":[{"href":"https:\/\/www.pedroandretta.info\/index\/wp-json\/wp\/v2\/posts"}],"about":[{"href":"https:\/\/www.pedroandretta.info\/index\/wp-json\/wp\/v2\/types\/post"}],"author":[{"embeddable":true,"href":"https:\/\/www.pedroandretta.info\/index\/wp-json\/wp\/v2\/users\/1"}],"replies":[{"embeddable":true,"href":"https:\/\/www.pedroandretta.info\/index\/wp-json\/wp\/v2\/comments?post=34599"}],"version-history":[{"count":0,"href":"https:\/\/www.pedroandretta.info\/index\/wp-json\/wp\/v2\/posts\/34599\/revisions"}],"wp:attachment":[{"href":"https:\/\/www.pedroandretta.info\/index\/wp-json\/wp\/v2\/media?parent=34599"}],"wp:term":[{"taxonomy":"category","embeddable":true,"href":"https:\/\/www.pedroandretta.info\/index\/wp-json\/wp\/v2\/categories?post=34599"},{"taxonomy":"post_tag","embeddable":true,"href":"https:\/\/www.pedroandretta.info\/index\/wp-json\/wp\/v2\/tags?post=34599"}],"curies":[{"name":"wp","href":"https:\/\/api.w.org\/{rel}","templated":true}]}}