{"id":34716,"date":"2025-12-08T10:42:31","date_gmt":"2025-12-08T14:42:31","guid":{"rendered":"https:\/\/www.pedroandretta.info\/index\/?p=34716"},"modified":"2025-12-07T10:47:04","modified_gmt":"2025-12-07T14:47:04","slug":"ia-literacy-em-bibliotecas-academicas-perspectivas-emergentes-da-comunidade-clarivate","status":"publish","type":"post","link":"https:\/\/www.pedroandretta.info\/index\/2025\/12\/ia-literacy-em-bibliotecas-academicas-perspectivas-emergentes-da-comunidade-clarivate\/","title":{"rendered":"IA Literacy em Bibliotecas Acad\u00eamicas: Perspectivas Emergentes da Comunidade \/ Clarivate"},"content":{"rendered":"\n<p><strong>IA Literacy em Bibliotecas Acad\u00eamicas: Perspectivas Emergentes da Comunidade \/ Clarivate<\/strong><\/p>\n\n\n\n<p>\u00c0 medida que a ado\u00e7\u00e3o da IA \u200b\u200bna academia continua a moldar a forma como o conhecimento \u00e9 acessado e avaliado, as bibliotecas emergem como parceiras fundamentais para conduzir essa mudan\u00e7a de forma respons\u00e1vel. Desenvolver a alfabetiza\u00e7\u00e3o em IA, compreendendo como as ferramentas de pesquisa baseadas em IA funcionam, incluindo suas limita\u00e7\u00f5es e implica\u00e7\u00f5es \u00e9ticas, tornou-se um componente essencial da alfabetiza\u00e7\u00e3o informacional. Para ajudar a atender a essa necessidade, a Clarivate, em parceria com a Choice e a ACRL, lan\u00e7ou o Microcurso de IA Literacy gratuito, desenvolvido por bibliotec\u00e1rios para bibliotec\u00e1rios.<\/p>\n\n\n\n<p>No Curso:<br>Semana 1: Alfabetiza\u00e7\u00e3o em IA generativa para bibliotecas acad\u00eamicas<br>Semana 2: As implica\u00e7\u00f5es \u00e9ticas da IA \u200b\u200bgenerativa<br>Semana 3: Cria\u00e7\u00e3o de pol\u00edticas em torno da IA \u200b\u200bgenerativa<br>Semana 4: Cria\u00e7\u00e3o e avalia\u00e7\u00e3o de conte\u00fado de IA generativa<br>Semana 5: Avalia\u00e7\u00e3o de ferramentas de IA generativa para fluxos de trabalho acad\u00eamicos<br>Semana 6: Comunidades de pr\u00e1tica<br>Semana 7: Avalia\u00e7\u00e3o do impacto social e legal da IA \u200b\u200bgenerativa<br>Semana 8: O futuro da IA \u200b\u200bgenerativa no ensino superior<\/p>\n\n\n\n<p>#AILiteracy<\/p>\n\n\n\n<p>via Clarivate<\/p>\n\n\n\n<p>Dispon\u00edvel em: <a href=\"https:\/\/clarivate.com\/academia-government\/blog\/ai-literacy-in-academic-libraries-emerging-perspectives-from-the-community\/?utm_source=chatgpt.com\">https:\/\/clarivate.com\/academia-government\/blog\/ai-literacy-in-academic-libraries-emerging-perspectives-from-the-community\/?utm_source=chatgpt.com<\/a><\/p>\n\n\n\n<figure class=\"wp-block-image size-large\"><img data-recalc-dims=\"1\" decoding=\"async\" width=\"600\" height=\"255\" src=\"https:\/\/i0.wp.com\/www.pedroandretta.info\/index\/wp-content\/uploads\/2025\/12\/image-34.png?resize=600%2C255&#038;ssl=1\" alt=\"\" class=\"wp-image-34717\" srcset=\"https:\/\/i0.wp.com\/www.pedroandretta.info\/index\/wp-content\/uploads\/2025\/12\/image-34.png?resize=600%2C255&amp;ssl=1 600w, https:\/\/i0.wp.com\/www.pedroandretta.info\/index\/wp-content\/uploads\/2025\/12\/image-34.png?resize=300%2C128&amp;ssl=1 300w, https:\/\/i0.wp.com\/www.pedroandretta.info\/index\/wp-content\/uploads\/2025\/12\/image-34.png?resize=768%2C327&amp;ssl=1 768w, https:\/\/i0.wp.com\/www.pedroandretta.info\/index\/wp-content\/uploads\/2025\/12\/image-34.png?resize=1536%2C653&amp;ssl=1 1536w, https:\/\/i0.wp.com\/www.pedroandretta.info\/index\/wp-content\/uploads\/2025\/12\/image-34.png?resize=1320%2C561&amp;ssl=1 1320w, https:\/\/i0.wp.com\/www.pedroandretta.info\/index\/wp-content\/uploads\/2025\/12\/image-34.png?w=1818&amp;ssl=1 1818w, https:\/\/i0.wp.com\/www.pedroandretta.info\/index\/wp-content\/uploads\/2025\/12\/image-34.png?w=1392&amp;ssl=1 1392w\" sizes=\"(max-width: 600px) 100vw, 600px\" \/><\/figure>\n","protected":false},"excerpt":{"rendered":"<p>IA Literacy em Bibliotecas Acad\u00eamicas: Perspectivas Emergentes da Comunidade \/ Clarivate \u00c0 medida que a ado\u00e7\u00e3o da IA \u200b\u200bna academia continua a moldar a forma como o conhecimento \u00e9 acessado e avaliado, as bibliotecas emergem como parceiras fundamentais para conduzir essa mudan\u00e7a de forma respons\u00e1vel. Desenvolver a alfabetiza\u00e7\u00e3o em IA, compreendendo como as ferramentas de<\/p><\/div>\n<div class=\"blog-btn\"><a href=\"https:\/\/www.pedroandretta.info\/index\/2025\/12\/ia-literacy-em-bibliotecas-academicas-perspectivas-emergentes-da-comunidade-clarivate\/\" class=\"home-blog-btn\">Ler mais<\/a><\/p>\n","protected":false},"author":1,"featured_media":0,"comment_status":"open","ping_status":"open","sticky":false,"template":"","format":"standard","meta":{"_jetpack_newsletter_access":"","_jetpack_dont_email_post_to_subs":false,"_jetpack_newsletter_tier_id":0,"_jetpack_memberships_contains_paywalled_content":false,"_jetpack_feature_clip_id":0,"_jetpack_memberships_contains_paid_content":false,"footnotes":"","jetpack_publicize_message":"","jetpack_publicize_feature_enabled":true,"jetpack_social_post_already_shared":true,"jetpack_social_options":{"image_generator_settings":{"template":"highway","default_image_id":0,"font":"","enabled":false},"version":2},"jetpack_post_was_ever_published":false},"categories":[21],"tags":[3942],"class_list":["post-34716","post","type-post","status-publish","format-standard","hentry","category-informeci","tag-ialiteracy"],"jetpack_publicize_connections":[],"jetpack_featured_media_url":"","views":"","jetpack_sharing_enabled":true,"_links":{"self":[{"href":"https:\/\/www.pedroandretta.info\/index\/wp-json\/wp\/v2\/posts\/34716","targetHints":{"allow":["GET"]}}],"collection":[{"href":"https:\/\/www.pedroandretta.info\/index\/wp-json\/wp\/v2\/posts"}],"about":[{"href":"https:\/\/www.pedroandretta.info\/index\/wp-json\/wp\/v2\/types\/post"}],"author":[{"embeddable":true,"href":"https:\/\/www.pedroandretta.info\/index\/wp-json\/wp\/v2\/users\/1"}],"replies":[{"embeddable":true,"href":"https:\/\/www.pedroandretta.info\/index\/wp-json\/wp\/v2\/comments?post=34716"}],"version-history":[{"count":0,"href":"https:\/\/www.pedroandretta.info\/index\/wp-json\/wp\/v2\/posts\/34716\/revisions"}],"wp:attachment":[{"href":"https:\/\/www.pedroandretta.info\/index\/wp-json\/wp\/v2\/media?parent=34716"}],"wp:term":[{"taxonomy":"category","embeddable":true,"href":"https:\/\/www.pedroandretta.info\/index\/wp-json\/wp\/v2\/categories?post=34716"},{"taxonomy":"post_tag","embeddable":true,"href":"https:\/\/www.pedroandretta.info\/index\/wp-json\/wp\/v2\/tags?post=34716"}],"curies":[{"name":"wp","href":"https:\/\/api.w.org\/{rel}","templated":true}]}}