{"id":34727,"date":"2025-12-09T08:46:40","date_gmt":"2025-12-09T12:46:40","guid":{"rendered":"https:\/\/www.pedroandretta.info\/index\/?p=34727"},"modified":"2025-12-09T08:46:43","modified_gmt":"2025-12-09T12:46:43","slug":"professora-lanca-livro-publico-infantil-que-ajuda-as-criancas-a-reconhecer-o-racismo-nas-brincadeiras-cultura-pe","status":"publish","type":"post","link":"https:\/\/www.pedroandretta.info\/index\/2025\/12\/professora-lanca-livro-publico-infantil-que-ajuda-as-criancas-a-reconhecer-o-racismo-nas-brincadeiras-cultura-pe\/","title":{"rendered":"Professora lan\u00e7a livro p\u00fablico infantil que ajuda as crian\u00e7as a reconhecer o racismo nas brincadeiras \/ Cultura PE"},"content":{"rendered":"\n<p><strong>Professora lan\u00e7a livro p\u00fablico infantil que ajuda as crian\u00e7as a reconhecer o racismo nas brincadeiras \/ Cultura PE<\/strong><\/p>\n\n\n\n<p>Professora lan\u00e7a livro p\u00fablico infantil que ajuda as crian\u00e7as a reconhecer o racismo nas brincadeiras A professora da rede p\u00fablica de ensino de Olinda, Fabiana Maria, lan\u00e7ar\u00e1, neste s\u00e1bado (29), \u00e0s 15h, no Centro Cultural Grupo Bongar, no Xamb\u00e1, o livro infantil T\u00f3in-t\u00f3in, que utiliza a hist\u00f3ria de uma menina negra para discutir identidade e representatividade na inf\u00e2ncia. Com incentivo do Fundo Pernambucano de Incentivo \u00e0 Cultura \u2013 Funcultura, por meio da Secretaria de Cultura de Pernambuco (Secult-PE) e da Funda\u00e7\u00e3o do Patrim\u00f4nio Hist\u00f3rico e Art\u00edstico de Pernambuco (Fundarpe), o projeto contar\u00e1 com distribui\u00e7\u00e3o gratuita de 3 mil exemplares para escolas p\u00fablicas, bibliotecas comunit\u00e1rias e projetos sociais da Regi\u00e3o Metropolitana do Recife, Zona da Mata Norte e Sert\u00e3o do S\u00e3o Francisco. O lan\u00e7amento marca o encerramento das atividades do M\u00eas da Consci\u00eancia Negra.<\/p>\n\n\n\n<p>#Educa\u00e7\u00e3oAntirracista #Representatividade #LiteraturaInfantil<\/p>\n\n\n\n<p>via Cultura PE<\/p>\n\n\n\n<p>Dispon\u00edvel em: <a href=\"https:\/\/www.cultura.pe.gov.br\/canal\/funcultura\/professora-lanca-livro-publico-infantil-que-ajuda-as-criancas-a-reconhecer-o-racismo-nas-brincadeiras\/\">https:\/\/www.cultura.pe.gov.br\/canal\/funcultura\/professora-lanca-livro-publico-infantil-que-ajuda-as-criancas-a-reconhecer-o-racismo-nas-brincadeiras\/<\/a><\/p>\n\n\n\n<figure class=\"wp-block-image size-large\"><img data-recalc-dims=\"1\" decoding=\"async\" width=\"600\" height=\"399\" src=\"https:\/\/i0.wp.com\/www.pedroandretta.info\/index\/wp-content\/uploads\/2025\/12\/image-37.png?resize=600%2C399&#038;ssl=1\" alt=\"\" class=\"wp-image-34728\" srcset=\"https:\/\/i0.wp.com\/www.pedroandretta.info\/index\/wp-content\/uploads\/2025\/12\/image-37.png?resize=600%2C399&amp;ssl=1 600w, https:\/\/i0.wp.com\/www.pedroandretta.info\/index\/wp-content\/uploads\/2025\/12\/image-37.png?resize=300%2C200&amp;ssl=1 300w, https:\/\/i0.wp.com\/www.pedroandretta.info\/index\/wp-content\/uploads\/2025\/12\/image-37.png?w=607&amp;ssl=1 607w\" sizes=\"(max-width: 600px) 100vw, 600px\" \/><\/figure>\n","protected":false},"excerpt":{"rendered":"<p>Professora lan\u00e7a livro p\u00fablico infantil que ajuda as crian\u00e7as a reconhecer o racismo nas brincadeiras \/ Cultura PE Professora lan\u00e7a livro p\u00fablico infantil que ajuda as crian\u00e7as a reconhecer o racismo nas brincadeiras A professora da rede p\u00fablica de ensino de Olinda, Fabiana Maria, lan\u00e7ar\u00e1, neste s\u00e1bado (29), \u00e0s 15h, no Centro Cultural Grupo Bongar,<\/p><\/div>\n<div class=\"blog-btn\"><a href=\"https:\/\/www.pedroandretta.info\/index\/2025\/12\/professora-lanca-livro-publico-infantil-que-ajuda-as-criancas-a-reconhecer-o-racismo-nas-brincadeiras-cultura-pe\/\" class=\"home-blog-btn\">Ler mais<\/a><\/p>\n","protected":false},"author":1,"featured_media":0,"comment_status":"open","ping_status":"open","sticky":false,"template":"","format":"standard","meta":{"_jetpack_memberships_contains_paid_content":false,"footnotes":"","jetpack_publicize_message":"","jetpack_publicize_feature_enabled":true,"jetpack_social_post_already_shared":true,"jetpack_social_options":{"image_generator_settings":{"template":"highway","default_image_id":0,"font":"","enabled":false},"version":2}},"categories":[21],"tags":[1635,827,953],"class_list":["post-34727","post","type-post","status-publish","format-standard","hentry","category-informeci","tag-educacaoantirracista","tag-literaturainfantil","tag-representatividade"],"jetpack_publicize_connections":[],"jetpack_featured_media_url":"","views":"","jetpack_sharing_enabled":true,"_links":{"self":[{"href":"https:\/\/www.pedroandretta.info\/index\/wp-json\/wp\/v2\/posts\/34727","targetHints":{"allow":["GET"]}}],"collection":[{"href":"https:\/\/www.pedroandretta.info\/index\/wp-json\/wp\/v2\/posts"}],"about":[{"href":"https:\/\/www.pedroandretta.info\/index\/wp-json\/wp\/v2\/types\/post"}],"author":[{"embeddable":true,"href":"https:\/\/www.pedroandretta.info\/index\/wp-json\/wp\/v2\/users\/1"}],"replies":[{"embeddable":true,"href":"https:\/\/www.pedroandretta.info\/index\/wp-json\/wp\/v2\/comments?post=34727"}],"version-history":[{"count":0,"href":"https:\/\/www.pedroandretta.info\/index\/wp-json\/wp\/v2\/posts\/34727\/revisions"}],"wp:attachment":[{"href":"https:\/\/www.pedroandretta.info\/index\/wp-json\/wp\/v2\/media?parent=34727"}],"wp:term":[{"taxonomy":"category","embeddable":true,"href":"https:\/\/www.pedroandretta.info\/index\/wp-json\/wp\/v2\/categories?post=34727"},{"taxonomy":"post_tag","embeddable":true,"href":"https:\/\/www.pedroandretta.info\/index\/wp-json\/wp\/v2\/tags?post=34727"}],"curies":[{"name":"wp","href":"https:\/\/api.w.org\/{rel}","templated":true}]}}