{"id":34753,"date":"2025-12-10T10:36:58","date_gmt":"2025-12-10T14:36:58","guid":{"rendered":"https:\/\/www.pedroandretta.info\/index\/?p=34753"},"modified":"2025-12-10T10:37:00","modified_gmt":"2025-12-10T14:37:00","slug":"de-sao-luis-do-maranhao-para-o-ibict-trajetoria-de-uma-bibliotecaria-por-clara-duarte-divulga-ci","status":"publish","type":"post","link":"https:\/\/www.pedroandretta.info\/index\/2025\/12\/de-sao-luis-do-maranhao-para-o-ibict-trajetoria-de-uma-bibliotecaria-por-clara-duarte-divulga-ci\/","title":{"rendered":"De S\u00e3o Lu\u00eds do Maranh\u00e3o para o IBICT: trajet\u00f3ria de uma bibliotec\u00e1ria, por Clara Duarte \/ Divulga-CI"},"content":{"rendered":"\n<p><strong>De S\u00e3o Lu\u00eds do Maranh\u00e3o para o IBICT: trajet\u00f3ria de uma bibliotec\u00e1ria, por Clara Duarte \/ Divulga-CI<\/strong><\/p>\n\n\n\n<p>\u201cA mudan\u00e7a para Bras\u00edlia tem sido desafiadora, mas acredito que a vida \u00e9 feita de ciclos, e cada fase traz oportunidades de crescimento. A cada in\u00edcio tem sido um aprendizado, n\u00e3o s\u00f3 profissional, mas tamb\u00e9m pessoal. Est\u00e1 sendo uma experi\u00eancia incr\u00edvel trabalhar no Ibict e contribuir para a ci\u00eancia do pa\u00eds\u201d, destaca a tecnologista-bibliotec\u00e1ria Clara Duarte Coelho do Instituto Brasileiro de Informa\u00e7\u00e3o em Ci\u00eancia e Tecnologia.<\/p>\n\n\n\n<p>#Bibliotec\u00e1rias #Atua\u00e7\u00e3oProfissional #IBICT<\/p>\n\n\n\n<p>via Divulga-CI<\/p>\n\n\n\n<p>Dispon\u00edvel em: <a href=\"https:\/\/www.divulgaci.labci.online\/v-3-n-11-nov-2025\/de-sao-luis-do-maranhao-para-o-ibict-trajetoria-de-uma-bibliotecaria-por-clara-duarte\/\">https:\/\/www.divulgaci.labci.online\/v-3-n-11-nov-2025\/de-sao-luis-do-maranhao-para-o-ibict-trajetoria-de-uma-bibliotecaria-por-clara-duarte\/<\/a><\/p>\n\n\n\n<figure class=\"wp-block-image size-large\"><img data-recalc-dims=\"1\" decoding=\"async\" width=\"413\" height=\"600\" src=\"https:\/\/i0.wp.com\/www.pedroandretta.info\/index\/wp-content\/uploads\/2025\/12\/image-43.png?resize=413%2C600&#038;ssl=1\" alt=\"\" class=\"wp-image-34754\" srcset=\"https:\/\/i0.wp.com\/www.pedroandretta.info\/index\/wp-content\/uploads\/2025\/12\/image-43.png?resize=413%2C600&amp;ssl=1 413w, https:\/\/i0.wp.com\/www.pedroandretta.info\/index\/wp-content\/uploads\/2025\/12\/image-43.png?resize=207%2C300&amp;ssl=1 207w, https:\/\/i0.wp.com\/www.pedroandretta.info\/index\/wp-content\/uploads\/2025\/12\/image-43.png?w=487&amp;ssl=1 487w\" sizes=\"(max-width: 413px) 100vw, 413px\" \/><\/figure>\n","protected":false},"excerpt":{"rendered":"<p>De S\u00e3o Lu\u00eds do Maranh\u00e3o para o IBICT: trajet\u00f3ria de uma bibliotec\u00e1ria, por Clara Duarte \/ Divulga-CI \u201cA mudan\u00e7a para Bras\u00edlia tem sido desafiadora, mas acredito que a vida \u00e9 feita de ciclos, e cada fase traz oportunidades de crescimento. A cada in\u00edcio tem sido um aprendizado, n\u00e3o s\u00f3 profissional, mas tamb\u00e9m pessoal. Est\u00e1 sendo<\/p><\/div>\n<div class=\"blog-btn\"><a href=\"https:\/\/www.pedroandretta.info\/index\/2025\/12\/de-sao-luis-do-maranhao-para-o-ibict-trajetoria-de-uma-bibliotecaria-por-clara-duarte-divulga-ci\/\" class=\"home-blog-btn\">Ler mais<\/a><\/p>\n","protected":false},"author":1,"featured_media":0,"comment_status":"open","ping_status":"open","sticky":false,"template":"","format":"standard","meta":{"_jetpack_newsletter_access":"","_jetpack_dont_email_post_to_subs":false,"_jetpack_newsletter_tier_id":0,"_jetpack_memberships_contains_paywalled_content":false,"_jetpack_feature_clip_id":0,"_jetpack_memberships_contains_paid_content":false,"footnotes":"","jetpack_publicize_message":"","jetpack_publicize_feature_enabled":true,"jetpack_social_post_already_shared":true,"jetpack_social_options":{"image_generator_settings":{"template":"highway","default_image_id":0,"font":"","enabled":false},"version":2},"jetpack_post_was_ever_published":false},"categories":[21],"tags":[1702,541,31],"class_list":["post-34753","post","type-post","status-publish","format-standard","hentry","category-informeci","tag-atuacaoprofissional","tag-bibliotecarias","tag-ibict"],"jetpack_publicize_connections":[],"jetpack_featured_media_url":"","views":"","jetpack_sharing_enabled":true,"_links":{"self":[{"href":"https:\/\/www.pedroandretta.info\/index\/wp-json\/wp\/v2\/posts\/34753","targetHints":{"allow":["GET"]}}],"collection":[{"href":"https:\/\/www.pedroandretta.info\/index\/wp-json\/wp\/v2\/posts"}],"about":[{"href":"https:\/\/www.pedroandretta.info\/index\/wp-json\/wp\/v2\/types\/post"}],"author":[{"embeddable":true,"href":"https:\/\/www.pedroandretta.info\/index\/wp-json\/wp\/v2\/users\/1"}],"replies":[{"embeddable":true,"href":"https:\/\/www.pedroandretta.info\/index\/wp-json\/wp\/v2\/comments?post=34753"}],"version-history":[{"count":0,"href":"https:\/\/www.pedroandretta.info\/index\/wp-json\/wp\/v2\/posts\/34753\/revisions"}],"wp:attachment":[{"href":"https:\/\/www.pedroandretta.info\/index\/wp-json\/wp\/v2\/media?parent=34753"}],"wp:term":[{"taxonomy":"category","embeddable":true,"href":"https:\/\/www.pedroandretta.info\/index\/wp-json\/wp\/v2\/categories?post=34753"},{"taxonomy":"post_tag","embeddable":true,"href":"https:\/\/www.pedroandretta.info\/index\/wp-json\/wp\/v2\/tags?post=34753"}],"curies":[{"name":"wp","href":"https:\/\/api.w.org\/{rel}","templated":true}]}}