{"id":34810,"date":"2025-12-14T00:31:55","date_gmt":"2025-12-14T04:31:55","guid":{"rendered":"https:\/\/www.pedroandretta.info\/index\/?p=34810"},"modified":"2025-12-14T00:31:59","modified_gmt":"2025-12-14T04:31:59","slug":"bug-no-instagram-esconde-da-busca-perfis-de-politicos-e-jornais-nucleo","status":"publish","type":"post","link":"https:\/\/www.pedroandretta.info\/index\/2025\/12\/bug-no-instagram-esconde-da-busca-perfis-de-politicos-e-jornais-nucleo\/","title":{"rendered":"Bug no Instagram esconde da busca perfis de pol\u00edticos e jornais \/ N\u00facleo"},"content":{"rendered":"\n<p><strong>Bug no Instagram esconde da busca perfis de pol\u00edticos e jornais \/ N\u00facleo<\/strong><\/p>\n\n\n\n<p>Um bug de ranqueamento na busca do Instagram confundiu os usu\u00e1rios da rede na manh\u00e3 desta quarta, 10.dez. Mensagens encaminhadas no WhatsApp, posts no pr\u00f3prio Insta e uma thread no Bluesky diziam que era uma censura a perfis de esquerda, como o do presidente Lula, da ministra Gleisi Hoffman (PT-PR) e da deputada federal \u00c9rika Hilton (PSOL-SP).<\/p>\n\n\n\n<p>Ao N\u00facleo, a Meta confirmou a falha geral que afetou as buscas de contas no Instagram e disse que j\u00e1 foi resolvida no in\u00edcio da tarde. &#8220;Pedimos desculpas por qualquer inconveniente que isso possa ter causado&#8221;, informou em nota.<\/p>\n\n\n\n<p>#M\u00eddiasSociais #Pol\u00edtica<\/p>\n\n\n\n<p>via N\u00facleo<\/p>\n\n\n\n<p>Dispon\u00edvel em: <a href=\"https:\/\/nucleo.jor.br\/curtas\/2025-12-10-bug-no-instagram-esconde-da-busca-perfis-de-politicos-e-jornais\/\">https:\/\/nucleo.jor.br\/curtas\/2025-12-10-bug-no-instagram-esconde-da-busca-perfis-de-politicos-e-jornais\/<\/a><\/p>\n","protected":false},"excerpt":{"rendered":"<p>Bug no Instagram esconde da busca perfis de pol\u00edticos e jornais \/ N\u00facleo Um bug de ranqueamento na busca do Instagram confundiu os usu\u00e1rios da rede na manh\u00e3 desta quarta, 10.dez. Mensagens encaminhadas no WhatsApp, posts no pr\u00f3prio Insta e uma thread no Bluesky diziam que era uma censura a perfis de esquerda, como o<\/p><\/div>\n<div class=\"blog-btn\"><a href=\"https:\/\/www.pedroandretta.info\/index\/2025\/12\/bug-no-instagram-esconde-da-busca-perfis-de-politicos-e-jornais-nucleo\/\" class=\"home-blog-btn\">Ler mais<\/a><\/p>\n","protected":false},"author":1,"featured_media":0,"comment_status":"open","ping_status":"open","sticky":false,"template":"","format":"standard","meta":{"_jetpack_newsletter_access":"","_jetpack_dont_email_post_to_subs":false,"_jetpack_newsletter_tier_id":0,"_jetpack_memberships_contains_paywalled_content":false,"_jetpack_feature_clip_id":0,"_jetpack_memberships_contains_paid_content":false,"footnotes":"","jetpack_publicize_message":"","jetpack_publicize_feature_enabled":true,"jetpack_social_post_already_shared":true,"jetpack_social_options":{"image_generator_settings":{"template":"highway","default_image_id":0,"font":"","enabled":false},"version":2},"jetpack_post_was_ever_published":false},"categories":[21],"tags":[794,412],"class_list":["post-34810","post","type-post","status-publish","format-standard","hentry","category-informeci","tag-midiassociais","tag-politica"],"jetpack_publicize_connections":[],"jetpack_featured_media_url":"","views":"","jetpack_sharing_enabled":true,"_links":{"self":[{"href":"https:\/\/www.pedroandretta.info\/index\/wp-json\/wp\/v2\/posts\/34810","targetHints":{"allow":["GET"]}}],"collection":[{"href":"https:\/\/www.pedroandretta.info\/index\/wp-json\/wp\/v2\/posts"}],"about":[{"href":"https:\/\/www.pedroandretta.info\/index\/wp-json\/wp\/v2\/types\/post"}],"author":[{"embeddable":true,"href":"https:\/\/www.pedroandretta.info\/index\/wp-json\/wp\/v2\/users\/1"}],"replies":[{"embeddable":true,"href":"https:\/\/www.pedroandretta.info\/index\/wp-json\/wp\/v2\/comments?post=34810"}],"version-history":[{"count":0,"href":"https:\/\/www.pedroandretta.info\/index\/wp-json\/wp\/v2\/posts\/34810\/revisions"}],"wp:attachment":[{"href":"https:\/\/www.pedroandretta.info\/index\/wp-json\/wp\/v2\/media?parent=34810"}],"wp:term":[{"taxonomy":"category","embeddable":true,"href":"https:\/\/www.pedroandretta.info\/index\/wp-json\/wp\/v2\/categories?post=34810"},{"taxonomy":"post_tag","embeddable":true,"href":"https:\/\/www.pedroandretta.info\/index\/wp-json\/wp\/v2\/tags?post=34810"}],"curies":[{"name":"wp","href":"https:\/\/api.w.org\/{rel}","templated":true}]}}