{"id":34838,"date":"2025-12-15T11:03:46","date_gmt":"2025-12-15T15:03:46","guid":{"rendered":"https:\/\/www.pedroandretta.info\/index\/?p=34838"},"modified":"2025-12-15T11:03:49","modified_gmt":"2025-12-15T15:03:49","slug":"a-literatura-de-cordel-na-fundacao-casa-de-rui-barbosa-memoria-e-informacao","status":"publish","type":"post","link":"https:\/\/www.pedroandretta.info\/index\/2025\/12\/a-literatura-de-cordel-na-fundacao-casa-de-rui-barbosa-memoria-e-informacao\/","title":{"rendered":"A literatura de cordel na Funda\u00e7\u00e3o Casa De Rui Barbosa \/ Mem\u00f3ria e Informa\u00e7\u00e3o"},"content":{"rendered":"\n<p><strong>A literatura de cordel na Funda\u00e7\u00e3o Casa De Rui Barbosa \/ Mem\u00f3ria e Informa\u00e7\u00e3o<\/strong><\/p>\n\n\n\n<p>A composi\u00e7\u00e3o deste acervo permite acesso a dimens\u00f5es do cordel n\u00e3o contemplados no documento convencional dispon\u00edvel nos acervos especializados, no caso, o folheto no qual dimens\u00f5es fundamentais dessa literatura est\u00e3o ausentes, como, por exemplo, a oralidade e a comunica\u00e7\u00e3o visual, representadas, respectivamente, pela cantoria e a xilogravura \u2013 artes reconhecidas como bens associados no documento de registro do cordel no patrim\u00f4nio imaterial nacional. O acervo estudado \u00e9 rico nessas express\u00f5es, ligadas \u00e0s formas de sociabilidade e aos modos de saber e fazer dessa arte, escassamente contemplada pelas institui\u00e7\u00f5es de cultura e mem\u00f3ria.<\/p>\n\n\n\n<p>#LiteraturaDeCordel<\/p>\n\n\n\n<p>Dispon\u00edvel em: <a href=\"https:\/\/memoriaeinformacao.casaruibarbosa.gov.br\/index.php\/fcrb\/article\/view\/289\">https:\/\/memoriaeinformacao.casaruibarbosa.gov.br\/index.php\/fcrb\/article\/view\/289<\/a><\/p>\n\n\n\n<figure class=\"wp-block-image size-large\"><img data-recalc-dims=\"1\" decoding=\"async\" width=\"423\" height=\"600\" src=\"https:\/\/i0.wp.com\/www.pedroandretta.info\/index\/wp-content\/uploads\/2025\/12\/image-62.png?resize=423%2C600&#038;ssl=1\" alt=\"\" class=\"wp-image-34839\" srcset=\"https:\/\/i0.wp.com\/www.pedroandretta.info\/index\/wp-content\/uploads\/2025\/12\/image-62.png?resize=423%2C600&amp;ssl=1 423w, https:\/\/i0.wp.com\/www.pedroandretta.info\/index\/wp-content\/uploads\/2025\/12\/image-62.png?resize=211%2C300&amp;ssl=1 211w, https:\/\/i0.wp.com\/www.pedroandretta.info\/index\/wp-content\/uploads\/2025\/12\/image-62.png?w=637&amp;ssl=1 637w\" sizes=\"(max-width: 423px) 100vw, 423px\" \/><\/figure>\n","protected":false},"excerpt":{"rendered":"<p>A literatura de cordel na Funda\u00e7\u00e3o Casa De Rui Barbosa \/ Mem\u00f3ria e Informa\u00e7\u00e3o A composi\u00e7\u00e3o deste acervo permite acesso a dimens\u00f5es do cordel n\u00e3o contemplados no documento convencional dispon\u00edvel nos acervos especializados, no caso, o folheto no qual dimens\u00f5es fundamentais dessa literatura est\u00e3o ausentes, como, por exemplo, a oralidade e a comunica\u00e7\u00e3o visual, representadas,<\/p><\/div>\n<div class=\"blog-btn\"><a href=\"https:\/\/www.pedroandretta.info\/index\/2025\/12\/a-literatura-de-cordel-na-fundacao-casa-de-rui-barbosa-memoria-e-informacao\/\" class=\"home-blog-btn\">Ler mais<\/a><\/p>\n","protected":false},"author":1,"featured_media":0,"comment_status":"open","ping_status":"open","sticky":false,"template":"","format":"standard","meta":{"_jetpack_memberships_contains_paid_content":false,"footnotes":"","jetpack_publicize_message":"","jetpack_publicize_feature_enabled":true,"jetpack_social_post_already_shared":true,"jetpack_social_options":{"image_generator_settings":{"template":"highway","default_image_id":0,"font":"","enabled":false},"version":2}},"categories":[21],"tags":[1387],"class_list":["post-34838","post","type-post","status-publish","format-standard","hentry","category-informeci","tag-literaturadecordel"],"jetpack_publicize_connections":[],"jetpack_featured_media_url":"","views":"","jetpack_sharing_enabled":true,"_links":{"self":[{"href":"https:\/\/www.pedroandretta.info\/index\/wp-json\/wp\/v2\/posts\/34838","targetHints":{"allow":["GET"]}}],"collection":[{"href":"https:\/\/www.pedroandretta.info\/index\/wp-json\/wp\/v2\/posts"}],"about":[{"href":"https:\/\/www.pedroandretta.info\/index\/wp-json\/wp\/v2\/types\/post"}],"author":[{"embeddable":true,"href":"https:\/\/www.pedroandretta.info\/index\/wp-json\/wp\/v2\/users\/1"}],"replies":[{"embeddable":true,"href":"https:\/\/www.pedroandretta.info\/index\/wp-json\/wp\/v2\/comments?post=34838"}],"version-history":[{"count":0,"href":"https:\/\/www.pedroandretta.info\/index\/wp-json\/wp\/v2\/posts\/34838\/revisions"}],"wp:attachment":[{"href":"https:\/\/www.pedroandretta.info\/index\/wp-json\/wp\/v2\/media?parent=34838"}],"wp:term":[{"taxonomy":"category","embeddable":true,"href":"https:\/\/www.pedroandretta.info\/index\/wp-json\/wp\/v2\/categories?post=34838"},{"taxonomy":"post_tag","embeddable":true,"href":"https:\/\/www.pedroandretta.info\/index\/wp-json\/wp\/v2\/tags?post=34838"}],"curies":[{"name":"wp","href":"https:\/\/api.w.org\/{rel}","templated":true}]}}