{"id":34847,"date":"2025-12-16T12:17:24","date_gmt":"2025-12-16T16:17:24","guid":{"rendered":"https:\/\/www.pedroandretta.info\/index\/?p=34847"},"modified":"2025-12-15T12:18:35","modified_gmt":"2025-12-15T16:18:35","slug":"direitos-humanos-um-compromisso-renovado-com-a-dignidade-a-liberdade-e-a-justica-para-todos-ciencia-cultura","status":"publish","type":"post","link":"https:\/\/www.pedroandretta.info\/index\/2025\/12\/direitos-humanos-um-compromisso-renovado-com-a-dignidade-a-liberdade-e-a-justica-para-todos-ciencia-cultura\/","title":{"rendered":"Direitos Humanos: um compromisso renovado com a dignidade, a liberdade e a justi\u00e7a para todos \/ Ci\u00eancia &amp; Cultura"},"content":{"rendered":"\n<p><strong>Direitos Humanos: um compromisso renovado com a dignidade, a liberdade e a justi\u00e7a para todos \/ Ci\u00eancia &amp; Cultura<\/strong><\/p>\n\n\n\n<p>No dia 10 de dezembro, o mundo celebra mais uma vez o Dia Internacional dos Direitos Humanos, data que marca a ado\u00e7\u00e3o da Declara\u00e7\u00e3o Universal dos Direitos Humanos (DUDH), proclamada pela Assembleia Geral das Na\u00e7\u00f5es Unidas em 1948. Em 2025, o tema escolhido para a data \u00e9 \u201cDignidade, Liberdade e Justi\u00e7a para Todos\u201d \u2014 um chamado global \u00e0 a\u00e7\u00e3o diante dos desafios contempor\u00e2neos que amea\u00e7am os direitos fundamentais.<\/p>\n\n\n\n<p>O tema deste ano \u00e9 ainda mais simb\u00f3lico porque se insere em um contexto hist\u00f3rico marcante: os 80 anos do fim da Segunda Guerra Mundial e do Holocausto, eventos que motivaram a cria\u00e7\u00e3o da ONU e da pr\u00f3pria Declara\u00e7\u00e3o Universal. A mem\u00f3ria dessas trag\u00e9dias serve como alerta permanente sobre os riscos da intoler\u00e2ncia, da desumaniza\u00e7\u00e3o e da nega\u00e7\u00e3o da dignidade humana.<\/p>\n\n\n\n<p>#DireitosHumanos<\/p>\n\n\n\n<p>via Ci\u00eancia &amp; Cultura<\/p>\n\n\n\n<p>Dispon\u00edvel em: <a href=\"https:\/\/revistacienciaecultura.org.br\/?p=9299\">https:\/\/revistacienciaecultura.org.br\/?p=9299<\/a><\/p>\n","protected":false},"excerpt":{"rendered":"<p>Direitos Humanos: um compromisso renovado com a dignidade, a liberdade e a justi\u00e7a para todos \/ Ci\u00eancia &amp; Cultura No dia 10 de dezembro, o mundo celebra mais uma vez o Dia Internacional dos Direitos Humanos, data que marca a ado\u00e7\u00e3o da Declara\u00e7\u00e3o Universal dos Direitos Humanos (DUDH), proclamada pela Assembleia Geral das Na\u00e7\u00f5es Unidas<\/p><\/div>\n<div class=\"blog-btn\"><a href=\"https:\/\/www.pedroandretta.info\/index\/2025\/12\/direitos-humanos-um-compromisso-renovado-com-a-dignidade-a-liberdade-e-a-justica-para-todos-ciencia-cultura\/\" class=\"home-blog-btn\">Ler mais<\/a><\/p>\n","protected":false},"author":1,"featured_media":0,"comment_status":"open","ping_status":"open","sticky":false,"template":"","format":"standard","meta":{"_jetpack_memberships_contains_paid_content":false,"footnotes":"","jetpack_publicize_message":"","jetpack_publicize_feature_enabled":true,"jetpack_social_post_already_shared":true,"jetpack_social_options":{"image_generator_settings":{"template":"highway","default_image_id":0,"font":"","enabled":false},"version":2}},"categories":[21],"tags":[1065],"class_list":["post-34847","post","type-post","status-publish","format-standard","hentry","category-informeci","tag-direitoshumanos"],"jetpack_publicize_connections":[],"jetpack_featured_media_url":"","views":"","jetpack_sharing_enabled":true,"_links":{"self":[{"href":"https:\/\/www.pedroandretta.info\/index\/wp-json\/wp\/v2\/posts\/34847","targetHints":{"allow":["GET"]}}],"collection":[{"href":"https:\/\/www.pedroandretta.info\/index\/wp-json\/wp\/v2\/posts"}],"about":[{"href":"https:\/\/www.pedroandretta.info\/index\/wp-json\/wp\/v2\/types\/post"}],"author":[{"embeddable":true,"href":"https:\/\/www.pedroandretta.info\/index\/wp-json\/wp\/v2\/users\/1"}],"replies":[{"embeddable":true,"href":"https:\/\/www.pedroandretta.info\/index\/wp-json\/wp\/v2\/comments?post=34847"}],"version-history":[{"count":0,"href":"https:\/\/www.pedroandretta.info\/index\/wp-json\/wp\/v2\/posts\/34847\/revisions"}],"wp:attachment":[{"href":"https:\/\/www.pedroandretta.info\/index\/wp-json\/wp\/v2\/media?parent=34847"}],"wp:term":[{"taxonomy":"category","embeddable":true,"href":"https:\/\/www.pedroandretta.info\/index\/wp-json\/wp\/v2\/categories?post=34847"},{"taxonomy":"post_tag","embeddable":true,"href":"https:\/\/www.pedroandretta.info\/index\/wp-json\/wp\/v2\/tags?post=34847"}],"curies":[{"name":"wp","href":"https:\/\/api.w.org\/{rel}","templated":true}]}}