{"id":34878,"date":"2025-12-18T12:58:47","date_gmt":"2025-12-18T16:58:47","guid":{"rendered":"https:\/\/www.pedroandretta.info\/index\/?p=34878"},"modified":"2025-12-15T13:00:42","modified_gmt":"2025-12-15T17:00:42","slug":"tendencias-e-transformacoes-nas-bibliotecas-urbanas-em-2025-urban-libraries","status":"publish","type":"post","link":"https:\/\/www.pedroandretta.info\/index\/2025\/12\/tendencias-e-transformacoes-nas-bibliotecas-urbanas-em-2025-urban-libraries\/","title":{"rendered":"Tend\u00eancias e transforma\u00e7\u00f5es nas bibliotecas urbanas em 2025 \/ Urban Libraries"},"content":{"rendered":"\n<p><strong>Tend\u00eancias e transforma\u00e7\u00f5es nas bibliotecas urbanas em 2025 \/ Urban Libraries<\/strong><\/p>\n\n\n\n<p>O relat\u00f3rio mostra que, embora as visitas presenciais ainda n\u00e3o tenham recuperado os n\u00edveis de 2019, elas mantiveram uma tend\u00eancia de crescimento sustentado por tr\u00eas anos consecutivos, com um aumento de 9,8% entre 2023 e 2024. As reservas de salas e o uso de recursos digitais apresentaram aumentos ainda maiores, de 25% e 14,8%, respectivamente, confirmando uma forte mudan\u00e7a em dire\u00e7\u00e3o a servi\u00e7os que combinam experi\u00eancias presenciais e digitais. Em contrapartida, a circula\u00e7\u00e3o f\u00edsica de materiais estabilizou e at\u00e9 registrou uma leve queda de 1,7%, sugerindo uma mudan\u00e7a de prefer\u00eancia para formatos eletr\u00f4nicos, especialmente livros digitais. Ao mesmo tempo, pela primeira vez desde 2019, o uso de computadores voltou a crescer, interrompendo uma tend\u00eancia de forte queda ap\u00f3s a pandemia.<\/p>\n\n\n\n<p>#Bibliotecas #Tend\u00eancias<\/p>\n\n\n\n<p>Dispon\u00edvel em: <a href=\"https:\/\/www.urbanlibraries.org\/files\/2025-Library-Insights-Report.pdf\">https:\/\/www.urbanlibraries.org\/files\/2025-Library-Insights-Report.pdf<\/a><\/p>\n\n\n\n<figure class=\"wp-block-image size-large\"><img data-recalc-dims=\"1\" decoding=\"async\" width=\"600\" height=\"478\" src=\"https:\/\/i0.wp.com\/www.pedroandretta.info\/index\/wp-content\/uploads\/2025\/12\/image-70.png?resize=600%2C478&#038;ssl=1\" alt=\"\" class=\"wp-image-34879\" srcset=\"https:\/\/i0.wp.com\/www.pedroandretta.info\/index\/wp-content\/uploads\/2025\/12\/image-70.png?resize=600%2C478&amp;ssl=1 600w, https:\/\/i0.wp.com\/www.pedroandretta.info\/index\/wp-content\/uploads\/2025\/12\/image-70.png?resize=300%2C239&amp;ssl=1 300w, https:\/\/i0.wp.com\/www.pedroandretta.info\/index\/wp-content\/uploads\/2025\/12\/image-70.png?resize=768%2C612&amp;ssl=1 768w, https:\/\/i0.wp.com\/www.pedroandretta.info\/index\/wp-content\/uploads\/2025\/12\/image-70.png?w=905&amp;ssl=1 905w\" sizes=\"(max-width: 600px) 100vw, 600px\" \/><\/figure>\n","protected":false},"excerpt":{"rendered":"<p>Tend\u00eancias e transforma\u00e7\u00f5es nas bibliotecas urbanas em 2025 \/ Urban Libraries O relat\u00f3rio mostra que, embora as visitas presenciais ainda n\u00e3o tenham recuperado os n\u00edveis de 2019, elas mantiveram uma tend\u00eancia de crescimento sustentado por tr\u00eas anos consecutivos, com um aumento de 9,8% entre 2023 e 2024. As reservas de salas e o uso de<\/p><\/div>\n<div class=\"blog-btn\"><a href=\"https:\/\/www.pedroandretta.info\/index\/2025\/12\/tendencias-e-transformacoes-nas-bibliotecas-urbanas-em-2025-urban-libraries\/\" class=\"home-blog-btn\">Ler mais<\/a><\/p>\n","protected":false},"author":1,"featured_media":0,"comment_status":"open","ping_status":"open","sticky":false,"template":"","format":"standard","meta":{"_jetpack_memberships_contains_paid_content":false,"footnotes":"","jetpack_publicize_message":"","jetpack_publicize_feature_enabled":true,"jetpack_social_post_already_shared":true,"jetpack_social_options":{"image_generator_settings":{"template":"highway","default_image_id":0,"font":"","enabled":false},"version":2}},"categories":[21],"tags":[38,707],"class_list":["post-34878","post","type-post","status-publish","format-standard","hentry","category-informeci","tag-bibliotecas","tag-tendencias"],"jetpack_publicize_connections":[],"jetpack_featured_media_url":"","views":"","jetpack_sharing_enabled":true,"_links":{"self":[{"href":"https:\/\/www.pedroandretta.info\/index\/wp-json\/wp\/v2\/posts\/34878","targetHints":{"allow":["GET"]}}],"collection":[{"href":"https:\/\/www.pedroandretta.info\/index\/wp-json\/wp\/v2\/posts"}],"about":[{"href":"https:\/\/www.pedroandretta.info\/index\/wp-json\/wp\/v2\/types\/post"}],"author":[{"embeddable":true,"href":"https:\/\/www.pedroandretta.info\/index\/wp-json\/wp\/v2\/users\/1"}],"replies":[{"embeddable":true,"href":"https:\/\/www.pedroandretta.info\/index\/wp-json\/wp\/v2\/comments?post=34878"}],"version-history":[{"count":0,"href":"https:\/\/www.pedroandretta.info\/index\/wp-json\/wp\/v2\/posts\/34878\/revisions"}],"wp:attachment":[{"href":"https:\/\/www.pedroandretta.info\/index\/wp-json\/wp\/v2\/media?parent=34878"}],"wp:term":[{"taxonomy":"category","embeddable":true,"href":"https:\/\/www.pedroandretta.info\/index\/wp-json\/wp\/v2\/categories?post=34878"},{"taxonomy":"post_tag","embeddable":true,"href":"https:\/\/www.pedroandretta.info\/index\/wp-json\/wp\/v2\/tags?post=34878"}],"curies":[{"name":"wp","href":"https:\/\/api.w.org\/{rel}","templated":true}]}}