{"id":34946,"date":"2025-12-22T20:14:20","date_gmt":"2025-12-23T00:14:20","guid":{"rendered":"https:\/\/www.pedroandretta.info\/index\/?p=34946"},"modified":"2025-12-15T20:17:56","modified_gmt":"2025-12-16T00:17:56","slug":"o-consumo-seletivo-de-noticias-esta-crescendo-e-remodelando-habitos-em-diversos-paises-laboratorio-de-periodismo","status":"publish","type":"post","link":"https:\/\/www.pedroandretta.info\/index\/2025\/12\/o-consumo-seletivo-de-noticias-esta-crescendo-e-remodelando-habitos-em-diversos-paises-laboratorio-de-periodismo\/","title":{"rendered":"O consumo seletivo de not\u00edcias est\u00e1 crescendo e remodelando h\u00e1bitos em diversos pa\u00edses \/ Laborat\u00f3rio de periodismo"},"content":{"rendered":"\n<p><strong>O consumo seletivo de not\u00edcias est\u00e1 crescendo e remodelando h\u00e1bitos em diversos pa\u00edses \/ Laborat\u00f3rio de periodismo<\/strong><\/p>\n\n\n\n<p>Milh\u00f5es de pessoas em todo o mundo est\u00e3o mudando sua rela\u00e7\u00e3o com os acontecimentos atuais em um ambiente de informa\u00e7\u00e3o implac\u00e1vel que as alcan\u00e7a por meio de m\u00faltiplas telas e concentra um grande volume de conte\u00fado sobre conflitos, crises e eventos traum\u00e1ticos. Esse padr\u00e3o, documentado em pesquisas internacionais e estudos acad\u00eamicos, se traduz em um n\u00famero crescente de cidad\u00e3os que limitam ou evitam o contato com as not\u00edcias devido ao impacto que elas t\u00eam em seu humor, \u00e0 desconfian\u00e7a e \u00e0 sensa\u00e7\u00e3o de impot\u00eancia diante do que leem ou veem. As taxas de evita\u00e7\u00e3o aumentaram em menos de uma d\u00e9cada, for\u00e7ando reda\u00e7\u00f5es e plataformas de not\u00edcias a repensarem formatos, ritmo e prioridades editoriais.<\/p>\n\n\n\n<p>Esse fen\u00f4meno se reflete nos dados do Relat\u00f3rio de Not\u00edcias Digitais do Instituto Reuters, que aponta que a evita\u00e7\u00e3o seletiva de not\u00edcias atinge 40% dos entrevistados em quase 50 pa\u00edses, em compara\u00e7\u00e3o com 29% em 2017, com os n\u00edveis mais altos no Reino Unido (46%) e nos Estados Unidos (42%). Entre os motivos mais citados est\u00e3o o impacto negativo no humor, a fadiga informacional, a cobertura excessiva de guerras e conflitos e a percep\u00e7\u00e3o de que a informa\u00e7\u00e3o n\u00e3o \u00e9 \u00fatil no dia a dia.<\/p>\n\n\n\n<p>#ConsumoDeInforma\u00e7\u00e3o #Not\u00edcias<\/p>\n\n\n\n<p>via Laborat\u00f3rio de periodismo<\/p>\n\n\n\n<p>Dispon\u00edvel em: <a href=\"https:\/\/laboratoriodeperiodismo.org\/el-consumo-selectivo-de-noticias-crece-y-reordena-habitos-en-varios-paises\/\">https:\/\/laboratoriodeperiodismo.org\/el-consumo-selectivo-de-noticias-crece-y-reordena-habitos-en-varios-paises\/<\/a><\/p>\n","protected":false},"excerpt":{"rendered":"<p>O consumo seletivo de not\u00edcias est\u00e1 crescendo e remodelando h\u00e1bitos em diversos pa\u00edses \/ Laborat\u00f3rio de periodismo Milh\u00f5es de pessoas em todo o mundo est\u00e3o mudando sua rela\u00e7\u00e3o com os acontecimentos atuais em um ambiente de informa\u00e7\u00e3o implac\u00e1vel que as alcan\u00e7a por meio de m\u00faltiplas telas e concentra um grande volume de conte\u00fado sobre conflitos,<\/p><\/div>\n<div class=\"blog-btn\"><a href=\"https:\/\/www.pedroandretta.info\/index\/2025\/12\/o-consumo-seletivo-de-noticias-esta-crescendo-e-remodelando-habitos-em-diversos-paises-laboratorio-de-periodismo\/\" class=\"home-blog-btn\">Ler mais<\/a><\/p>\n","protected":false},"author":1,"featured_media":0,"comment_status":"open","ping_status":"open","sticky":false,"template":"","format":"standard","meta":{"_jetpack_memberships_contains_paid_content":false,"footnotes":"","jetpack_publicize_message":"","jetpack_publicize_feature_enabled":true,"jetpack_social_post_already_shared":true,"jetpack_social_options":{"image_generator_settings":{"template":"highway","default_image_id":0,"font":"","enabled":false},"version":2}},"categories":[21],"tags":[2012,1163],"class_list":["post-34946","post","type-post","status-publish","format-standard","hentry","category-informeci","tag-consumodeinformacao","tag-noticias"],"jetpack_publicize_connections":[],"jetpack_featured_media_url":"","views":"","jetpack_sharing_enabled":true,"_links":{"self":[{"href":"https:\/\/www.pedroandretta.info\/index\/wp-json\/wp\/v2\/posts\/34946","targetHints":{"allow":["GET"]}}],"collection":[{"href":"https:\/\/www.pedroandretta.info\/index\/wp-json\/wp\/v2\/posts"}],"about":[{"href":"https:\/\/www.pedroandretta.info\/index\/wp-json\/wp\/v2\/types\/post"}],"author":[{"embeddable":true,"href":"https:\/\/www.pedroandretta.info\/index\/wp-json\/wp\/v2\/users\/1"}],"replies":[{"embeddable":true,"href":"https:\/\/www.pedroandretta.info\/index\/wp-json\/wp\/v2\/comments?post=34946"}],"version-history":[{"count":0,"href":"https:\/\/www.pedroandretta.info\/index\/wp-json\/wp\/v2\/posts\/34946\/revisions"}],"wp:attachment":[{"href":"https:\/\/www.pedroandretta.info\/index\/wp-json\/wp\/v2\/media?parent=34946"}],"wp:term":[{"taxonomy":"category","embeddable":true,"href":"https:\/\/www.pedroandretta.info\/index\/wp-json\/wp\/v2\/categories?post=34946"},{"taxonomy":"post_tag","embeddable":true,"href":"https:\/\/www.pedroandretta.info\/index\/wp-json\/wp\/v2\/tags?post=34946"}],"curies":[{"name":"wp","href":"https:\/\/api.w.org\/{rel}","templated":true}]}}