{"id":34992,"date":"2025-12-25T18:11:49","date_gmt":"2025-12-25T22:11:49","guid":{"rendered":"https:\/\/www.pedroandretta.info\/index\/?p=34992"},"modified":"2025-12-17T18:20:59","modified_gmt":"2025-12-17T22:20:59","slug":"indicadores-de-qualidade-para-periodicos-de-ciencias-sociais-na-era-da-bibliometria-narrativa-anuario-thinkepi","status":"publish","type":"post","link":"https:\/\/www.pedroandretta.info\/index\/2025\/12\/indicadores-de-qualidade-para-periodicos-de-ciencias-sociais-na-era-da-bibliometria-narrativa-anuario-thinkepi\/","title":{"rendered":"Indicadores de qualidade para peri\u00f3dicos de ci\u00eancias sociais na era da bibliometria narrativa \/ Anu\u00e1rio  ThinkEPI"},"content":{"rendered":"\n<p><strong>Indicadores de qualidade para peri\u00f3dicos de ci\u00eancias sociais na era da bibliometria narrativa \/ Anu\u00e1rio  ThinkEPI <\/strong><\/p>\n\n\n\n<p>Como resultado, prop\u00f5e-se uma lista de verifica\u00e7\u00e3o para editores, classificando indicadores-chave em cinco categorias fundamentais: acesso e abertura, qualidade editorial, \u00e9tica e integridade, transpar\u00eancia do processo e impacto e visibilidade. Conclui-se que a ado\u00e7\u00e3o de pr\u00e1ticas como a publica\u00e7\u00e3o em acesso aberto (especialmente o Diamond Pathway), a transpar\u00eancia nas contribui\u00e7\u00f5es de autoria (CRediT) e a publica\u00e7\u00e3o de dados s\u00e3o essenciais para alinhar os interesses dos peri\u00f3dicos com as necessidades narrativas em constante evolu\u00e7\u00e3o dos pesquisadores.<\/p>\n\n\n\n<p>#AcessoAberto #AcessoAbertoDiamante #CRediT #BibliometriaNarrativa #Peri\u00f3dicos #Gest\u00e3oEditorial<\/p>\n\n\n\n<p>Dispon\u00edvel em: <a href=\"https:\/\/thinkepi.scimagoepi.com\/index.php\/ThinkEPI\/article\/view\/91711\">https:\/\/thinkepi.scimagoepi.com\/index.php\/ThinkEPI\/article\/view\/91711<\/a><\/p>\n\n\n\n<figure class=\"wp-block-image size-large\"><img data-recalc-dims=\"1\" decoding=\"async\" width=\"409\" height=\"600\" src=\"https:\/\/i0.wp.com\/www.pedroandretta.info\/index\/wp-content\/uploads\/2025\/12\/image-95.png?resize=409%2C600&#038;ssl=1\" alt=\"\" class=\"wp-image-34993\" srcset=\"https:\/\/i0.wp.com\/www.pedroandretta.info\/index\/wp-content\/uploads\/2025\/12\/image-95.png?resize=409%2C600&amp;ssl=1 409w, https:\/\/i0.wp.com\/www.pedroandretta.info\/index\/wp-content\/uploads\/2025\/12\/image-95.png?resize=204%2C300&amp;ssl=1 204w, https:\/\/i0.wp.com\/www.pedroandretta.info\/index\/wp-content\/uploads\/2025\/12\/image-95.png?w=550&amp;ssl=1 550w\" sizes=\"(max-width: 409px) 100vw, 409px\" \/><\/figure>\n","protected":false},"excerpt":{"rendered":"<p>Indicadores de qualidade para peri\u00f3dicos de ci\u00eancias sociais na era da bibliometria narrativa \/ Anu\u00e1rio ThinkEPI Como resultado, prop\u00f5e-se uma lista de verifica\u00e7\u00e3o para editores, classificando indicadores-chave em cinco categorias fundamentais: acesso e abertura, qualidade editorial, \u00e9tica e integridade, transpar\u00eancia do processo e impacto e visibilidade. Conclui-se que a ado\u00e7\u00e3o de pr\u00e1ticas como a publica\u00e7\u00e3o<\/p><\/div>\n<div class=\"blog-btn\"><a href=\"https:\/\/www.pedroandretta.info\/index\/2025\/12\/indicadores-de-qualidade-para-periodicos-de-ciencias-sociais-na-era-da-bibliometria-narrativa-anuario-thinkepi\/\" class=\"home-blog-btn\">Ler mais<\/a><\/p>\n","protected":false},"author":1,"featured_media":0,"comment_status":"open","ping_status":"open","sticky":false,"template":"","format":"standard","meta":{"_jetpack_memberships_contains_paid_content":false,"footnotes":"","jetpack_publicize_message":"","jetpack_publicize_feature_enabled":true,"jetpack_social_post_already_shared":true,"jetpack_social_options":{"image_generator_settings":{"template":"highway","default_image_id":0,"font":"","enabled":false},"version":2}},"categories":[21],"tags":[320,3793,4055,446,663,243],"class_list":["post-34992","post","type-post","status-publish","format-standard","hentry","category-informeci","tag-acessoaberto","tag-acessoabertodiamante","tag-bibliometrianarrativa","tag-credit","tag-gestaoeditorial","tag-periodicos"],"jetpack_publicize_connections":[],"jetpack_featured_media_url":"","views":"","jetpack_sharing_enabled":true,"_links":{"self":[{"href":"https:\/\/www.pedroandretta.info\/index\/wp-json\/wp\/v2\/posts\/34992","targetHints":{"allow":["GET"]}}],"collection":[{"href":"https:\/\/www.pedroandretta.info\/index\/wp-json\/wp\/v2\/posts"}],"about":[{"href":"https:\/\/www.pedroandretta.info\/index\/wp-json\/wp\/v2\/types\/post"}],"author":[{"embeddable":true,"href":"https:\/\/www.pedroandretta.info\/index\/wp-json\/wp\/v2\/users\/1"}],"replies":[{"embeddable":true,"href":"https:\/\/www.pedroandretta.info\/index\/wp-json\/wp\/v2\/comments?post=34992"}],"version-history":[{"count":0,"href":"https:\/\/www.pedroandretta.info\/index\/wp-json\/wp\/v2\/posts\/34992\/revisions"}],"wp:attachment":[{"href":"https:\/\/www.pedroandretta.info\/index\/wp-json\/wp\/v2\/media?parent=34992"}],"wp:term":[{"taxonomy":"category","embeddable":true,"href":"https:\/\/www.pedroandretta.info\/index\/wp-json\/wp\/v2\/categories?post=34992"},{"taxonomy":"post_tag","embeddable":true,"href":"https:\/\/www.pedroandretta.info\/index\/wp-json\/wp\/v2\/tags?post=34992"}],"curies":[{"name":"wp","href":"https:\/\/api.w.org\/{rel}","templated":true}]}}