{"id":35015,"date":"2025-12-28T23:09:37","date_gmt":"2025-12-29T03:09:37","guid":{"rendered":"https:\/\/www.pedroandretta.info\/index\/?p=35015"},"modified":"2025-12-17T23:15:11","modified_gmt":"2025-12-18T03:15:11","slug":"liberdade-de-expressao-mundial-recua-10-entre-2012-e-2024-cca","status":"publish","type":"post","link":"https:\/\/www.pedroandretta.info\/index\/2025\/12\/liberdade-de-expressao-mundial-recua-10-entre-2012-e-2024-cca\/","title":{"rendered":"Liberdade de express\u00e3o mundial recua 10% entre 2012 e 2024 \/ CCA"},"content":{"rendered":"\n<p><strong>Liberdade de express\u00e3o mundial recua 10% entre 2012 e 2024 \/ CCA<\/strong><\/p>\n\n\n\n<p>A liberdade de express\u00e3o mundial caiu 10% entre 2012 e 2024, um retrocesso compar\u00e1vel ao ocorrido com a Primeira Guerra Mundial, alertou hoje a Organiza\u00e7\u00e3o das Na\u00e7\u00f5es Unidas para a Educa\u00e7\u00e3o, Ci\u00eancia e Cultura (UNESCO).<\/p>\n\n\n\n<p>Esta \u00e9 uma das principais conclus\u00f5es do estudo \u201cTend\u00eancias mundiais do jornalismo: configura\u00e7\u00e3o num mundo de paz 2022\/2025\u201d, publicado hoje e que destaca a liga\u00e7\u00e3o entre tend\u00eancias preocupantes no ecossistema medi\u00e1tico, com o aumento da autocensura, enfraquecimento das institui\u00e7\u00f5es, queda da confian\u00e7a p\u00fablica e aprofundamento da polariza\u00e7\u00e3o.<\/p>\n\n\n\n<p>#Censura #LiberdadeDeExpress\u00e3o #Jornalismo<\/p>\n\n\n\n<p>Dispon\u00edvel em: <a href=\"https:\/\/comunidadeculturaearte.com\/liberdade-de-expressao-mundial-recua-10-entre-2012-e-2024\/\">https:\/\/comunidadeculturaearte.com\/liberdade-de-expressao-mundial-recua-10-entre-2012-e-2024\/<\/a><\/p>\n\n\n\n<figure class=\"wp-block-image size-large\"><img data-recalc-dims=\"1\" decoding=\"async\" width=\"469\" height=\"600\" src=\"https:\/\/i0.wp.com\/www.pedroandretta.info\/index\/wp-content\/uploads\/2025\/12\/image-100.png?resize=469%2C600&#038;ssl=1\" alt=\"\" class=\"wp-image-35016\" srcset=\"https:\/\/i0.wp.com\/www.pedroandretta.info\/index\/wp-content\/uploads\/2025\/12\/image-100.png?resize=469%2C600&amp;ssl=1 469w, https:\/\/i0.wp.com\/www.pedroandretta.info\/index\/wp-content\/uploads\/2025\/12\/image-100.png?resize=234%2C300&amp;ssl=1 234w, https:\/\/i0.wp.com\/www.pedroandretta.info\/index\/wp-content\/uploads\/2025\/12\/image-100.png?w=633&amp;ssl=1 633w\" sizes=\"(max-width: 469px) 100vw, 469px\" \/><\/figure>\n","protected":false},"excerpt":{"rendered":"<p>Liberdade de express\u00e3o mundial recua 10% entre 2012 e 2024 \/ CCA A liberdade de express\u00e3o mundial caiu 10% entre 2012 e 2024, um retrocesso compar\u00e1vel ao ocorrido com a Primeira Guerra Mundial, alertou hoje a Organiza\u00e7\u00e3o das Na\u00e7\u00f5es Unidas para a Educa\u00e7\u00e3o, Ci\u00eancia e Cultura (UNESCO). Esta \u00e9 uma das principais conclus\u00f5es do estudo<\/p><\/div>\n<div class=\"blog-btn\"><a href=\"https:\/\/www.pedroandretta.info\/index\/2025\/12\/liberdade-de-expressao-mundial-recua-10-entre-2012-e-2024-cca\/\" class=\"home-blog-btn\">Ler mais<\/a><\/p>\n","protected":false},"author":1,"featured_media":0,"comment_status":"open","ping_status":"open","sticky":false,"template":"","format":"standard","meta":{"_jetpack_memberships_contains_paid_content":false,"footnotes":"","jetpack_publicize_message":"","jetpack_publicize_feature_enabled":true,"jetpack_social_post_already_shared":true,"jetpack_social_options":{"image_generator_settings":{"template":"highway","default_image_id":0,"font":"","enabled":false},"version":2}},"categories":[21],"tags":[168,723,530],"class_list":["post-35015","post","type-post","status-publish","format-standard","hentry","category-informeci","tag-censura","tag-jornalismo","tag-liberdadedeexpressao"],"jetpack_publicize_connections":[],"jetpack_featured_media_url":"","views":"","jetpack_sharing_enabled":true,"_links":{"self":[{"href":"https:\/\/www.pedroandretta.info\/index\/wp-json\/wp\/v2\/posts\/35015","targetHints":{"allow":["GET"]}}],"collection":[{"href":"https:\/\/www.pedroandretta.info\/index\/wp-json\/wp\/v2\/posts"}],"about":[{"href":"https:\/\/www.pedroandretta.info\/index\/wp-json\/wp\/v2\/types\/post"}],"author":[{"embeddable":true,"href":"https:\/\/www.pedroandretta.info\/index\/wp-json\/wp\/v2\/users\/1"}],"replies":[{"embeddable":true,"href":"https:\/\/www.pedroandretta.info\/index\/wp-json\/wp\/v2\/comments?post=35015"}],"version-history":[{"count":0,"href":"https:\/\/www.pedroandretta.info\/index\/wp-json\/wp\/v2\/posts\/35015\/revisions"}],"wp:attachment":[{"href":"https:\/\/www.pedroandretta.info\/index\/wp-json\/wp\/v2\/media?parent=35015"}],"wp:term":[{"taxonomy":"category","embeddable":true,"href":"https:\/\/www.pedroandretta.info\/index\/wp-json\/wp\/v2\/categories?post=35015"},{"taxonomy":"post_tag","embeddable":true,"href":"https:\/\/www.pedroandretta.info\/index\/wp-json\/wp\/v2\/tags?post=35015"}],"curies":[{"name":"wp","href":"https:\/\/api.w.org\/{rel}","templated":true}]}}