{"id":35068,"date":"2025-12-31T00:43:25","date_gmt":"2025-12-31T04:43:25","guid":{"rendered":"https:\/\/www.pedroandretta.info\/index\/?p=35068"},"modified":"2025-12-18T00:45:42","modified_gmt":"2025-12-18T04:45:42","slug":"breves-consideracoes-sobre-a-politica-nacional-do-livro-e-da-leitura-por-hamilton-vieira-de-oliveira","status":"publish","type":"post","link":"https:\/\/www.pedroandretta.info\/index\/2025\/12\/breves-consideracoes-sobre-a-politica-nacional-do-livro-e-da-leitura-por-hamilton-vieira-de-oliveira\/","title":{"rendered":"Breves considera\u00e7\u00f5es sobre a Pol\u00edtica Nacional do Livro e da Leitura, por Hamilton Vieira de Oliveira"},"content":{"rendered":"\n<p><strong>Breves considera\u00e7\u00f5es sobre a Pol\u00edtica Nacional do Livro e da Leitura, por Hamilton Vieira de Oliveira<\/strong><\/p>\n\n\n\n<p>\u201cO livro e a leitura materializam e simbolizam uma causa humana fundamental, mas n\u00e3o avan\u00e7aremos nela ignorando interesses comerciais sob pena de atrairmos um entrave a mais na implementa\u00e7\u00e3o de pol\u00edticas p\u00fablicas de interesse social, o que se torna particularmente grave nas \u00e1reas da educa\u00e7\u00e3o e da cultura, que j\u00e1 possuem opositores de sobra.\u201d afirma o pesquisador Prof. Dr. Hamilton Oliveira, da Universidade Federal do Par\u00e1.<\/p>\n\n\n\n<p>via Divulga-CI<\/p>\n\n\n\n<p>#PNLL<\/p>\n\n\n\n<p>Dispon\u00edvel em: <a href=\"https:\/\/www.divulgaci.labci.online\/v-3-n-12-dez-2025\/breves-consideracoes-sobre-a-politica-nacional-do-livro-e-da-leitura-por-hamilton-vieira-de-oliveira\/\">https:\/\/www.divulgaci.labci.online\/v-3-n-12-dez-2025\/breves-consideracoes-sobre-a-politica-nacional-do-livro-e-da-leitura-por-hamilton-vieira-de-oliveira\/<\/a><\/p>\n\n\n\n<figure class=\"wp-block-image size-large\"><img data-recalc-dims=\"1\" decoding=\"async\" width=\"428\" height=\"600\" src=\"https:\/\/i0.wp.com\/www.pedroandretta.info\/index\/wp-content\/uploads\/2025\/12\/image-111.png?resize=428%2C600&#038;ssl=1\" alt=\"\" class=\"wp-image-35069\" srcset=\"https:\/\/i0.wp.com\/www.pedroandretta.info\/index\/wp-content\/uploads\/2025\/12\/image-111.png?resize=428%2C600&amp;ssl=1 428w, https:\/\/i0.wp.com\/www.pedroandretta.info\/index\/wp-content\/uploads\/2025\/12\/image-111.png?resize=214%2C300&amp;ssl=1 214w, https:\/\/i0.wp.com\/www.pedroandretta.info\/index\/wp-content\/uploads\/2025\/12\/image-111.png?w=598&amp;ssl=1 598w\" sizes=\"(max-width: 428px) 100vw, 428px\" \/><\/figure>\n","protected":false},"excerpt":{"rendered":"<p>Breves considera\u00e7\u00f5es sobre a Pol\u00edtica Nacional do Livro e da Leitura, por Hamilton Vieira de Oliveira \u201cO livro e a leitura materializam e simbolizam uma causa humana fundamental, mas n\u00e3o avan\u00e7aremos nela ignorando interesses comerciais sob pena de atrairmos um entrave a mais na implementa\u00e7\u00e3o de pol\u00edticas p\u00fablicas de interesse social, o que se torna<\/p><\/div>\n<div class=\"blog-btn\"><a href=\"https:\/\/www.pedroandretta.info\/index\/2025\/12\/breves-consideracoes-sobre-a-politica-nacional-do-livro-e-da-leitura-por-hamilton-vieira-de-oliveira\/\" class=\"home-blog-btn\">Ler mais<\/a><\/p>\n","protected":false},"author":1,"featured_media":0,"comment_status":"open","ping_status":"open","sticky":false,"template":"","format":"standard","meta":{"_jetpack_newsletter_access":"","_jetpack_dont_email_post_to_subs":false,"_jetpack_newsletter_tier_id":0,"_jetpack_memberships_contains_paywalled_content":false,"_jetpack_feature_clip_id":0,"_jetpack_memberships_contains_paid_content":false,"footnotes":"","jetpack_publicize_message":"","jetpack_publicize_feature_enabled":true,"jetpack_social_post_already_shared":true,"jetpack_social_options":{"image_generator_settings":{"template":"highway","default_image_id":0,"font":"","enabled":false},"version":2},"jetpack_post_was_ever_published":false},"categories":[21],"tags":[702],"class_list":["post-35068","post","type-post","status-publish","format-standard","hentry","category-informeci","tag-pnll"],"jetpack_publicize_connections":[],"jetpack_featured_media_url":"","views":"","jetpack_sharing_enabled":true,"_links":{"self":[{"href":"https:\/\/www.pedroandretta.info\/index\/wp-json\/wp\/v2\/posts\/35068","targetHints":{"allow":["GET"]}}],"collection":[{"href":"https:\/\/www.pedroandretta.info\/index\/wp-json\/wp\/v2\/posts"}],"about":[{"href":"https:\/\/www.pedroandretta.info\/index\/wp-json\/wp\/v2\/types\/post"}],"author":[{"embeddable":true,"href":"https:\/\/www.pedroandretta.info\/index\/wp-json\/wp\/v2\/users\/1"}],"replies":[{"embeddable":true,"href":"https:\/\/www.pedroandretta.info\/index\/wp-json\/wp\/v2\/comments?post=35068"}],"version-history":[{"count":0,"href":"https:\/\/www.pedroandretta.info\/index\/wp-json\/wp\/v2\/posts\/35068\/revisions"}],"wp:attachment":[{"href":"https:\/\/www.pedroandretta.info\/index\/wp-json\/wp\/v2\/media?parent=35068"}],"wp:term":[{"taxonomy":"category","embeddable":true,"href":"https:\/\/www.pedroandretta.info\/index\/wp-json\/wp\/v2\/categories?post=35068"},{"taxonomy":"post_tag","embeddable":true,"href":"https:\/\/www.pedroandretta.info\/index\/wp-json\/wp\/v2\/tags?post=35068"}],"curies":[{"name":"wp","href":"https:\/\/api.w.org\/{rel}","templated":true}]}}