{"id":35142,"date":"2025-12-26T21:21:42","date_gmt":"2025-12-27T01:21:42","guid":{"rendered":"https:\/\/www.pedroandretta.info\/index\/?p=35142"},"modified":"2025-12-20T21:24:09","modified_gmt":"2025-12-21T01:24:09","slug":"marketing-digital-em-bibliotecas-publicas-na-regiao-metropolitana-do-chile-e-lis","status":"publish","type":"post","link":"https:\/\/www.pedroandretta.info\/index\/2025\/12\/marketing-digital-em-bibliotecas-publicas-na-regiao-metropolitana-do-chile-e-lis\/","title":{"rendered":"Marketing digital em bibliotecas p\u00fablicas na Regi\u00e3o Metropolitana do Chile \/ E-LIS"},"content":{"rendered":"\n<p><strong>Marketing digital em bibliotecas p\u00fablicas na Regi\u00e3o Metropolitana do Chile \/ E-LIS<\/strong><\/p>\n\n\n\n<p>Nos \u00faltimos anos, o marketing digital tornou-se um recurso fundamental para as bibliotecas p\u00fablicas, n\u00e3o apenas para promover seus produtos e servi\u00e7os, mas tamb\u00e9m para garantir que estes estejam alinhados \u00e0s expectativas dos usu\u00e1rios. Este estudo examina como onze bibliotecas p\u00fablicas da Regi\u00e3o Metropolitana do Chile implementam pr\u00e1ticas de marketing digital. Com base em dados de pesquisa, os resultados indicam que as plataformas de m\u00eddia social s\u00e3o o principal canal utilizado para divulgar atividades, produtos e servi\u00e7os. No entanto, a falta de forma\u00e7\u00e3o formal em marketing faz com que a maioria das iniciativas seja realizada sem estrat\u00e9gias estruturadas de marketing digital.<\/p>\n\n\n\n<p>#MarketingEmBibliotecas #MarketingDigital<\/p>\n\n\n\n<p>Dispon\u00edvel em: <a href=\"http:\/\/eprints.rclis.org\/47415\/\">http:\/\/eprints.rclis.org\/47415\/<\/a><\/p>\n\n\n\n<figure class=\"wp-block-image size-large\"><img data-recalc-dims=\"1\" decoding=\"async\" width=\"468\" height=\"600\" src=\"https:\/\/i0.wp.com\/www.pedroandretta.info\/index\/wp-content\/uploads\/2025\/12\/image-127.png?resize=468%2C600&#038;ssl=1\" alt=\"\" class=\"wp-image-35143\" srcset=\"https:\/\/i0.wp.com\/www.pedroandretta.info\/index\/wp-content\/uploads\/2025\/12\/image-127.png?resize=468%2C600&amp;ssl=1 468w, https:\/\/i0.wp.com\/www.pedroandretta.info\/index\/wp-content\/uploads\/2025\/12\/image-127.png?resize=234%2C300&amp;ssl=1 234w, https:\/\/i0.wp.com\/www.pedroandretta.info\/index\/wp-content\/uploads\/2025\/12\/image-127.png?w=617&amp;ssl=1 617w\" sizes=\"(max-width: 468px) 100vw, 468px\" \/><\/figure>\n","protected":false},"excerpt":{"rendered":"<p>Marketing digital em bibliotecas p\u00fablicas na Regi\u00e3o Metropolitana do Chile \/ E-LIS Nos \u00faltimos anos, o marketing digital tornou-se um recurso fundamental para as bibliotecas p\u00fablicas, n\u00e3o apenas para promover seus produtos e servi\u00e7os, mas tamb\u00e9m para garantir que estes estejam alinhados \u00e0s expectativas dos usu\u00e1rios. Este estudo examina como onze bibliotecas p\u00fablicas da Regi\u00e3o<\/p><\/div>\n<div class=\"blog-btn\"><a href=\"https:\/\/www.pedroandretta.info\/index\/2025\/12\/marketing-digital-em-bibliotecas-publicas-na-regiao-metropolitana-do-chile-e-lis\/\" class=\"home-blog-btn\">Ler mais<\/a><\/p>\n","protected":false},"author":1,"featured_media":0,"comment_status":"open","ping_status":"open","sticky":false,"template":"","format":"standard","meta":{"_jetpack_memberships_contains_paid_content":false,"footnotes":"","jetpack_publicize_message":"","jetpack_publicize_feature_enabled":true,"jetpack_social_post_already_shared":true,"jetpack_social_options":{"image_generator_settings":{"template":"highway","default_image_id":0,"font":"","enabled":false},"version":2}},"categories":[21],"tags":[974,466],"class_list":["post-35142","post","type-post","status-publish","format-standard","hentry","category-informeci","tag-marketingdigital","tag-marketingembibliotecas"],"jetpack_publicize_connections":[],"jetpack_featured_media_url":"","views":"","jetpack_sharing_enabled":true,"_links":{"self":[{"href":"https:\/\/www.pedroandretta.info\/index\/wp-json\/wp\/v2\/posts\/35142","targetHints":{"allow":["GET"]}}],"collection":[{"href":"https:\/\/www.pedroandretta.info\/index\/wp-json\/wp\/v2\/posts"}],"about":[{"href":"https:\/\/www.pedroandretta.info\/index\/wp-json\/wp\/v2\/types\/post"}],"author":[{"embeddable":true,"href":"https:\/\/www.pedroandretta.info\/index\/wp-json\/wp\/v2\/users\/1"}],"replies":[{"embeddable":true,"href":"https:\/\/www.pedroandretta.info\/index\/wp-json\/wp\/v2\/comments?post=35142"}],"version-history":[{"count":0,"href":"https:\/\/www.pedroandretta.info\/index\/wp-json\/wp\/v2\/posts\/35142\/revisions"}],"wp:attachment":[{"href":"https:\/\/www.pedroandretta.info\/index\/wp-json\/wp\/v2\/media?parent=35142"}],"wp:term":[{"taxonomy":"category","embeddable":true,"href":"https:\/\/www.pedroandretta.info\/index\/wp-json\/wp\/v2\/categories?post=35142"},{"taxonomy":"post_tag","embeddable":true,"href":"https:\/\/www.pedroandretta.info\/index\/wp-json\/wp\/v2\/tags?post=35142"}],"curies":[{"name":"wp","href":"https:\/\/api.w.org\/{rel}","templated":true}]}}