{"id":35169,"date":"2026-01-06T09:42:08","date_gmt":"2026-01-06T13:42:08","guid":{"rendered":"https:\/\/www.pedroandretta.info\/index\/?p=35169"},"modified":"2026-01-05T09:49:17","modified_gmt":"2026-01-05T13:49:17","slug":"estudantes-pretos-e-pardos-ampliam-presenca-na-pos-graduacao-revista-pesquisa-fapesp","status":"publish","type":"post","link":"https:\/\/www.pedroandretta.info\/index\/2026\/01\/estudantes-pretos-e-pardos-ampliam-presenca-na-pos-graduacao-revista-pesquisa-fapesp\/","title":{"rendered":"Estudantes pretos e pardos ampliam presen\u00e7a na p\u00f3s-gradua\u00e7\u00e3o \/ Revista Pesquisa Fapesp"},"content":{"rendered":"\n<p><strong>Estudantes pretos e pardos ampliam presen\u00e7a na p\u00f3s-gradua\u00e7\u00e3o \/ Revista Pesquisa Fapesp<\/strong><\/p>\n\n\n\n<p>Cresceu ao longo das \u00faltimas tr\u00eas d\u00e9cadas a propor\u00e7\u00e3o de pretos, pardos e ind\u00edgenas entre as pessoas que concluem cursos de p\u00f3s-gradua\u00e7\u00e3o stricto sensu no Brasil, embora os brancos ainda sejam perto de dois ter\u00e7os dos formados (68,6% dos doutores e 62,9% dos mestres titulados em 2021). Em todas as regi\u00f5es brasileiras, o percentual de brancos entre os p\u00f3s-graduados \u00e9 maior do que a propor\u00e7\u00e3o de seu grupo racial na popula\u00e7\u00e3o regional. No Sul, os brancos s\u00e3o 72,6% dos habitantes, mas concentraram 84,4% dos t\u00edtulos de mestrado e 85,6% dos de doutorado em 2021.<\/p>\n\n\n\n<p>#P\u00f3sGradua\u00e7\u00e3o #Diversidade\u00c9tnicoRacial<\/p>\n\n\n\n<p>via Revista Pesquisa Fapesp<\/p>\n\n\n\n<p>Dispon\u00edvel em: <a href=\"https:\/\/revistapesquisa.fapesp.br\/estudantes-pretos-e-pardos-ampliam-presenca-na-pos-graduacao\/\">https:\/\/revistapesquisa.fapesp.br\/estudantes-pretos-e-pardos-ampliam-presenca-na-pos-graduacao\/<\/a><\/p>\n\n\n\n<p><\/p>\n","protected":false},"excerpt":{"rendered":"<p>Estudantes pretos e pardos ampliam presen\u00e7a na p\u00f3s-gradua\u00e7\u00e3o \/ Revista Pesquisa Fapesp Cresceu ao longo das \u00faltimas tr\u00eas d\u00e9cadas a propor\u00e7\u00e3o de pretos, pardos e ind\u00edgenas entre as pessoas que concluem cursos de p\u00f3s-gradua\u00e7\u00e3o stricto sensu no Brasil, embora os brancos ainda sejam perto de dois ter\u00e7os dos formados (68,6% dos doutores e 62,9% dos<\/p><\/div>\n<div class=\"blog-btn\"><a href=\"https:\/\/www.pedroandretta.info\/index\/2026\/01\/estudantes-pretos-e-pardos-ampliam-presenca-na-pos-graduacao-revista-pesquisa-fapesp\/\" class=\"home-blog-btn\">Ler mais<\/a><\/p>\n","protected":false},"author":1,"featured_media":0,"comment_status":"open","ping_status":"open","sticky":false,"template":"","format":"standard","meta":{"_jetpack_memberships_contains_paid_content":false,"footnotes":"","jetpack_publicize_message":"","jetpack_publicize_feature_enabled":true,"jetpack_social_post_already_shared":false,"jetpack_social_options":{"image_generator_settings":{"template":"highway","default_image_id":0,"font":"","enabled":false},"version":2}},"categories":[21],"tags":[3624,1192],"class_list":["post-35169","post","type-post","status-publish","format-standard","hentry","category-informeci","tag-diversidadeetnicoracial","tag-posgraduacao"],"jetpack_publicize_connections":[],"jetpack_featured_media_url":"","views":"","jetpack_sharing_enabled":true,"_links":{"self":[{"href":"https:\/\/www.pedroandretta.info\/index\/wp-json\/wp\/v2\/posts\/35169","targetHints":{"allow":["GET"]}}],"collection":[{"href":"https:\/\/www.pedroandretta.info\/index\/wp-json\/wp\/v2\/posts"}],"about":[{"href":"https:\/\/www.pedroandretta.info\/index\/wp-json\/wp\/v2\/types\/post"}],"author":[{"embeddable":true,"href":"https:\/\/www.pedroandretta.info\/index\/wp-json\/wp\/v2\/users\/1"}],"replies":[{"embeddable":true,"href":"https:\/\/www.pedroandretta.info\/index\/wp-json\/wp\/v2\/comments?post=35169"}],"version-history":[{"count":0,"href":"https:\/\/www.pedroandretta.info\/index\/wp-json\/wp\/v2\/posts\/35169\/revisions"}],"wp:attachment":[{"href":"https:\/\/www.pedroandretta.info\/index\/wp-json\/wp\/v2\/media?parent=35169"}],"wp:term":[{"taxonomy":"category","embeddable":true,"href":"https:\/\/www.pedroandretta.info\/index\/wp-json\/wp\/v2\/categories?post=35169"},{"taxonomy":"post_tag","embeddable":true,"href":"https:\/\/www.pedroandretta.info\/index\/wp-json\/wp\/v2\/tags?post=35169"}],"curies":[{"name":"wp","href":"https:\/\/api.w.org\/{rel}","templated":true}]}}