{"id":35181,"date":"2026-01-06T10:09:39","date_gmt":"2026-01-06T14:09:39","guid":{"rendered":"https:\/\/www.pedroandretta.info\/index\/?p=35181"},"modified":"2026-01-05T10:13:22","modified_gmt":"2026-01-05T14:13:22","slug":"a-mediacao-da-informacao-para-a-sustentabilidade-ambiental-na-perspectiva-da-agenda-2030-ciencia-da-informacao-em-revista","status":"publish","type":"post","link":"https:\/\/www.pedroandretta.info\/index\/2026\/01\/a-mediacao-da-informacao-para-a-sustentabilidade-ambiental-na-perspectiva-da-agenda-2030-ciencia-da-informacao-em-revista\/","title":{"rendered":"A media\u00e7\u00e3o da informa\u00e7\u00e3o para a sustentabilidade ambiental na perspectiva da Agenda 2030 \/ Ci\u00eancia da Informa\u00e7\u00e3o em Revista"},"content":{"rendered":"\n<p><strong>A media\u00e7\u00e3o da informa\u00e7\u00e3o para a sustentabilidade ambiental na perspectiva da Agenda 2030 \/ Ci\u00eancia da Informa\u00e7\u00e3o em Revista<\/strong><\/p>\n\n\n\n<p>Trata da media\u00e7\u00e3o da informa\u00e7\u00e3o orientada \u00e0 sustentabilidade ambiental no contexto das bibliotecas universit\u00e1rias. O objetivo da pesquisa \u00e9 identificar a\u00e7\u00f5es de media\u00e7\u00e3o da informa\u00e7\u00e3o em favor do desenvolvimento sustent\u00e1vel realizadas na Biblioteca do Instituto Federal de Educa\u00e7\u00e3o, Ci\u00eancia e Tecnologia do Par\u00e1 &#8211; Campus Santar\u00e9m, \u00e0 luz da Agenda 2030. O estudo se justifica, na Ci\u00eancia da Informa\u00e7\u00e3o, pelo alinhamento da \u00e1rea \u00e0 agenda ambiental na perspectiva de uma fundamenta\u00e7\u00e3o te\u00f3rica para a\u00e7\u00f5es em diferentes unidades de informa\u00e7\u00e3o e no sentido de inspirar pesquisas e debates sobre o tema.<\/p>\n\n\n\n<p>#Media\u00e7\u00e3oDaInforma\u00e7\u00e3o #Sustentabilidade<\/p>\n\n\n\n<p>Dispon\u00edvel em: <a href=\"https:\/\/ufal.emnuvens.com.br\/cir\/article\/view\/19299\">https:\/\/ufal.emnuvens.com.br\/cir\/article\/view\/19299<\/a><\/p>\n\n\n\n<figure class=\"wp-block-image size-large\"><img data-recalc-dims=\"1\" decoding=\"async\" width=\"394\" height=\"600\" src=\"https:\/\/i0.wp.com\/www.pedroandretta.info\/index\/wp-content\/uploads\/2026\/01\/image-5.png?resize=394%2C600&#038;ssl=1\" alt=\"\" class=\"wp-image-35182\" srcset=\"https:\/\/i0.wp.com\/www.pedroandretta.info\/index\/wp-content\/uploads\/2026\/01\/image-5.png?resize=394%2C600&amp;ssl=1 394w, https:\/\/i0.wp.com\/www.pedroandretta.info\/index\/wp-content\/uploads\/2026\/01\/image-5.png?resize=197%2C300&amp;ssl=1 197w, https:\/\/i0.wp.com\/www.pedroandretta.info\/index\/wp-content\/uploads\/2026\/01\/image-5.png?w=667&amp;ssl=1 667w\" sizes=\"(max-width: 394px) 100vw, 394px\" \/><\/figure>\n","protected":false},"excerpt":{"rendered":"<p>A media\u00e7\u00e3o da informa\u00e7\u00e3o para a sustentabilidade ambiental na perspectiva da Agenda 2030 \/ Ci\u00eancia da Informa\u00e7\u00e3o em Revista Trata da media\u00e7\u00e3o da informa\u00e7\u00e3o orientada \u00e0 sustentabilidade ambiental no contexto das bibliotecas universit\u00e1rias. O objetivo da pesquisa \u00e9 identificar a\u00e7\u00f5es de media\u00e7\u00e3o da informa\u00e7\u00e3o em favor do desenvolvimento sustent\u00e1vel realizadas na Biblioteca do Instituto Federal<\/p><\/div>\n<div class=\"blog-btn\"><a href=\"https:\/\/www.pedroandretta.info\/index\/2026\/01\/a-mediacao-da-informacao-para-a-sustentabilidade-ambiental-na-perspectiva-da-agenda-2030-ciencia-da-informacao-em-revista\/\" class=\"home-blog-btn\">Ler mais<\/a><\/p>\n","protected":false},"author":1,"featured_media":0,"comment_status":"open","ping_status":"open","sticky":false,"template":"","format":"standard","meta":{"_jetpack_memberships_contains_paid_content":false,"footnotes":"","jetpack_publicize_message":"","jetpack_publicize_feature_enabled":true,"jetpack_social_post_already_shared":true,"jetpack_social_options":{"image_generator_settings":{"template":"highway","default_image_id":0,"font":"","enabled":false},"version":2}},"categories":[21],"tags":[509,40],"class_list":["post-35181","post","type-post","status-publish","format-standard","hentry","category-informeci","tag-mediacaodainformacao","tag-sustentabilidade"],"jetpack_publicize_connections":[],"jetpack_featured_media_url":"","views":"","jetpack_sharing_enabled":true,"_links":{"self":[{"href":"https:\/\/www.pedroandretta.info\/index\/wp-json\/wp\/v2\/posts\/35181","targetHints":{"allow":["GET"]}}],"collection":[{"href":"https:\/\/www.pedroandretta.info\/index\/wp-json\/wp\/v2\/posts"}],"about":[{"href":"https:\/\/www.pedroandretta.info\/index\/wp-json\/wp\/v2\/types\/post"}],"author":[{"embeddable":true,"href":"https:\/\/www.pedroandretta.info\/index\/wp-json\/wp\/v2\/users\/1"}],"replies":[{"embeddable":true,"href":"https:\/\/www.pedroandretta.info\/index\/wp-json\/wp\/v2\/comments?post=35181"}],"version-history":[{"count":0,"href":"https:\/\/www.pedroandretta.info\/index\/wp-json\/wp\/v2\/posts\/35181\/revisions"}],"wp:attachment":[{"href":"https:\/\/www.pedroandretta.info\/index\/wp-json\/wp\/v2\/media?parent=35181"}],"wp:term":[{"taxonomy":"category","embeddable":true,"href":"https:\/\/www.pedroandretta.info\/index\/wp-json\/wp\/v2\/categories?post=35181"},{"taxonomy":"post_tag","embeddable":true,"href":"https:\/\/www.pedroandretta.info\/index\/wp-json\/wp\/v2\/tags?post=35181"}],"curies":[{"name":"wp","href":"https:\/\/api.w.org\/{rel}","templated":true}]}}