{"id":35255,"date":"2026-01-10T09:57:18","date_gmt":"2026-01-10T13:57:18","guid":{"rendered":"https:\/\/www.pedroandretta.info\/index\/?p=35255"},"modified":"2026-01-09T10:00:20","modified_gmt":"2026-01-09T14:00:20","slug":"mediacao-algoritmica-e-aprendizado-de-maquina-ppgs-unicamp","status":"publish","type":"post","link":"https:\/\/www.pedroandretta.info\/index\/2026\/01\/mediacao-algoritmica-e-aprendizado-de-maquina-ppgs-unicamp\/","title":{"rendered":"Media\u00e7\u00e3o algor\u00edtmica e aprendizado de m\u00e1quina \/ PPGS &#8211; UNICAMP"},"content":{"rendered":"\n<p><strong>Media\u00e7\u00e3o algor\u00edtmica e aprendizado de m\u00e1quina : uma caracteriza\u00e7\u00e3o baseada em patentes da Google sobre t\u00e9cnicas de modula\u00e7\u00e3o de atividade \/ PPGS &#8211; UNICAMP<\/strong><\/p>\n\n\n\n<p>Como conclus\u00e3o mais geral, propomos tamb\u00e9m o termo \u201cmedia\u00e7\u00e3o algor\u00edtmica\u201d como conceito explicativo da ag\u00eancia de algoritmos. Em contraste com outras propostas que, por exemplo, atribuem a algoritmos algum n\u00edvel de ag\u00eancia por meio da constata\u00e7\u00e3o de que eles possuem vieses; propomos considerar que todos os algoritmos agem socialmente, na medida em que, dentro de um sistema de computa\u00e7\u00e3o, eles s\u00e3o os mediadores da informa\u00e7\u00e3o digital. Desse modo, conclu\u00edmos apresentando media\u00e7\u00f5es algor\u00edtmicas particulares ao AdM \u2013 estereotipia, reprodu\u00e7\u00e3o do passado e racismo e sexismo algor\u00edtmico \u2013 e apontando para a necessidade de refletirmos, para al\u00e9m da ideia de desenviesamento, sobre a possibilidade de cria\u00e7\u00e3o de media\u00e7\u00f5es algor\u00edtmicas alternativas, que contestem a tecnologia dominante, em favor de um mundo mais diverso e comprometido com o combate \u00e0s assimetrias sociais.<\/p>\n\n\n\n<p>#Media\u00e7\u00e3oAlgor\u00edtmica<\/p>\n\n\n\n<p>Dispon\u00edvel em: <a href=\"https:\/\/rafaelg.net.br\/dissertacao.pdf\">https:\/\/rafaelg.net.br\/dissertacao.pdf<\/a><\/p>\n\n\n\n<figure class=\"wp-block-image size-large\"><img data-recalc-dims=\"1\" decoding=\"async\" width=\"430\" height=\"600\" src=\"https:\/\/i0.wp.com\/www.pedroandretta.info\/index\/wp-content\/uploads\/2026\/01\/image-21.png?resize=430%2C600&#038;ssl=1\" alt=\"\" class=\"wp-image-35256\" srcset=\"https:\/\/i0.wp.com\/www.pedroandretta.info\/index\/wp-content\/uploads\/2026\/01\/image-21.png?resize=430%2C600&amp;ssl=1 430w, https:\/\/i0.wp.com\/www.pedroandretta.info\/index\/wp-content\/uploads\/2026\/01\/image-21.png?resize=215%2C300&amp;ssl=1 215w, https:\/\/i0.wp.com\/www.pedroandretta.info\/index\/wp-content\/uploads\/2026\/01\/image-21.png?w=566&amp;ssl=1 566w\" sizes=\"(max-width: 430px) 100vw, 430px\" \/><\/figure>\n","protected":false},"excerpt":{"rendered":"<p>Media\u00e7\u00e3o algor\u00edtmica e aprendizado de m\u00e1quina : uma caracteriza\u00e7\u00e3o baseada em patentes da Google sobre t\u00e9cnicas de modula\u00e7\u00e3o de atividade \/ PPGS &#8211; UNICAMP Como conclus\u00e3o mais geral, propomos tamb\u00e9m o termo \u201cmedia\u00e7\u00e3o algor\u00edtmica\u201d como conceito explicativo da ag\u00eancia de algoritmos. Em contraste com outras propostas que, por exemplo, atribuem a algoritmos algum n\u00edvel de<\/p><\/div>\n<div class=\"blog-btn\"><a href=\"https:\/\/www.pedroandretta.info\/index\/2026\/01\/mediacao-algoritmica-e-aprendizado-de-maquina-ppgs-unicamp\/\" class=\"home-blog-btn\">Ler mais<\/a><\/p>\n","protected":false},"author":1,"featured_media":0,"comment_status":"open","ping_status":"open","sticky":false,"template":"","format":"standard","meta":{"_jetpack_memberships_contains_paid_content":false,"footnotes":"","jetpack_publicize_message":"","jetpack_publicize_feature_enabled":true,"jetpack_social_post_already_shared":true,"jetpack_social_options":{"image_generator_settings":{"template":"highway","default_image_id":0,"font":"","enabled":false},"version":2}},"categories":[21],"tags":[3228],"class_list":["post-35255","post","type-post","status-publish","format-standard","hentry","category-informeci","tag-mediacaoalgoritmica"],"jetpack_publicize_connections":[],"jetpack_featured_media_url":"","views":"","jetpack_sharing_enabled":true,"_links":{"self":[{"href":"https:\/\/www.pedroandretta.info\/index\/wp-json\/wp\/v2\/posts\/35255","targetHints":{"allow":["GET"]}}],"collection":[{"href":"https:\/\/www.pedroandretta.info\/index\/wp-json\/wp\/v2\/posts"}],"about":[{"href":"https:\/\/www.pedroandretta.info\/index\/wp-json\/wp\/v2\/types\/post"}],"author":[{"embeddable":true,"href":"https:\/\/www.pedroandretta.info\/index\/wp-json\/wp\/v2\/users\/1"}],"replies":[{"embeddable":true,"href":"https:\/\/www.pedroandretta.info\/index\/wp-json\/wp\/v2\/comments?post=35255"}],"version-history":[{"count":0,"href":"https:\/\/www.pedroandretta.info\/index\/wp-json\/wp\/v2\/posts\/35255\/revisions"}],"wp:attachment":[{"href":"https:\/\/www.pedroandretta.info\/index\/wp-json\/wp\/v2\/media?parent=35255"}],"wp:term":[{"taxonomy":"category","embeddable":true,"href":"https:\/\/www.pedroandretta.info\/index\/wp-json\/wp\/v2\/categories?post=35255"},{"taxonomy":"post_tag","embeddable":true,"href":"https:\/\/www.pedroandretta.info\/index\/wp-json\/wp\/v2\/tags?post=35255"}],"curies":[{"name":"wp","href":"https:\/\/api.w.org\/{rel}","templated":true}]}}