{"id":35427,"date":"2026-01-19T14:47:11","date_gmt":"2026-01-19T18:47:11","guid":{"rendered":"https:\/\/www.pedroandretta.info\/index\/?p=35427"},"modified":"2026-01-19T14:47:13","modified_gmt":"2026-01-19T18:47:13","slug":"informacao-em-saude-entre-quantidade-qualidade-acesso-e-vinculo-jornal-da-usp","status":"publish","type":"post","link":"https:\/\/www.pedroandretta.info\/index\/2026\/01\/informacao-em-saude-entre-quantidade-qualidade-acesso-e-vinculo-jornal-da-usp\/","title":{"rendered":"Informa\u00e7\u00e3o em sa\u00fade: entre quantidade, qualidade, acesso e v\u00ednculo \/ Jornal da USP"},"content":{"rendered":"\n<p><strong>Informa\u00e7\u00e3o em sa\u00fade: entre quantidade, qualidade, acesso e v\u00ednculo \/ Jornal da USP<\/strong><\/p>\n\n\n\n<p>Ao reconhecer que a compreens\u00e3o e a aceita\u00e7\u00e3o da informa\u00e7\u00e3o dependem de v\u00ednculos sociais, essa abordagem permite explicar por que popula\u00e7\u00f5es vulner\u00e1veis, idosos, moradores de periferias urbanas ou comunidades tradicionais respondem de maneira distinta aos mesmos conte\u00fados informacionais. O v\u00ednculo funciona como a ponte que falta entre a disponibiliza\u00e7\u00e3o de informa\u00e7\u00f5es e a apropria\u00e7\u00e3o cognitiva. Sem essa ponte, mesmo a comunica\u00e7\u00e3o cient\u00edfica tecnicamente impec\u00e1vel se perde no caminho. Com ela, a informa\u00e7\u00e3o ganha densidade e torna-se capaz de orientar pr\u00e1ticas de sa\u00fade mais justas, contextualizadas e efetivas.<\/p>\n\n\n\n<p>#Informa\u00e7\u00e3oEmSa\u00fade<\/p>\n\n\n\n<p>via Jornal da USP<\/p>\n\n\n\n<p>Dispon\u00edvel em: <a href=\"https:\/\/jornal.usp.br\/artigos\/informacao-em-saude-entre-quantidade-qualidade-acesso-e-vinculo\/\">https:\/\/jornal.usp.br\/artigos\/informacao-em-saude-entre-quantidade-qualidade-acesso-e-vinculo\/<\/a><\/p>\n","protected":false},"excerpt":{"rendered":"<p>Informa\u00e7\u00e3o em sa\u00fade: entre quantidade, qualidade, acesso e v\u00ednculo \/ Jornal da USP Ao reconhecer que a compreens\u00e3o e a aceita\u00e7\u00e3o da informa\u00e7\u00e3o dependem de v\u00ednculos sociais, essa abordagem permite explicar por que popula\u00e7\u00f5es vulner\u00e1veis, idosos, moradores de periferias urbanas ou comunidades tradicionais respondem de maneira distinta aos mesmos conte\u00fados informacionais. O v\u00ednculo funciona como<\/p><\/div>\n<div class=\"blog-btn\"><a href=\"https:\/\/www.pedroandretta.info\/index\/2026\/01\/informacao-em-saude-entre-quantidade-qualidade-acesso-e-vinculo-jornal-da-usp\/\" class=\"home-blog-btn\">Ler mais<\/a><\/p>\n","protected":false},"author":1,"featured_media":0,"comment_status":"open","ping_status":"open","sticky":false,"template":"","format":"standard","meta":{"_jetpack_memberships_contains_paid_content":false,"footnotes":"","jetpack_publicize_message":"","jetpack_publicize_feature_enabled":true,"jetpack_social_post_already_shared":true,"jetpack_social_options":{"image_generator_settings":{"template":"highway","default_image_id":0,"font":"","enabled":false},"version":2}},"categories":[21],"tags":[1079],"class_list":["post-35427","post","type-post","status-publish","format-standard","hentry","category-informeci","tag-informacaoemsaude"],"jetpack_publicize_connections":[],"jetpack_featured_media_url":"","views":"","jetpack_sharing_enabled":true,"_links":{"self":[{"href":"https:\/\/www.pedroandretta.info\/index\/wp-json\/wp\/v2\/posts\/35427","targetHints":{"allow":["GET"]}}],"collection":[{"href":"https:\/\/www.pedroandretta.info\/index\/wp-json\/wp\/v2\/posts"}],"about":[{"href":"https:\/\/www.pedroandretta.info\/index\/wp-json\/wp\/v2\/types\/post"}],"author":[{"embeddable":true,"href":"https:\/\/www.pedroandretta.info\/index\/wp-json\/wp\/v2\/users\/1"}],"replies":[{"embeddable":true,"href":"https:\/\/www.pedroandretta.info\/index\/wp-json\/wp\/v2\/comments?post=35427"}],"version-history":[{"count":0,"href":"https:\/\/www.pedroandretta.info\/index\/wp-json\/wp\/v2\/posts\/35427\/revisions"}],"wp:attachment":[{"href":"https:\/\/www.pedroandretta.info\/index\/wp-json\/wp\/v2\/media?parent=35427"}],"wp:term":[{"taxonomy":"category","embeddable":true,"href":"https:\/\/www.pedroandretta.info\/index\/wp-json\/wp\/v2\/categories?post=35427"},{"taxonomy":"post_tag","embeddable":true,"href":"https:\/\/www.pedroandretta.info\/index\/wp-json\/wp\/v2\/tags?post=35427"}],"curies":[{"name":"wp","href":"https:\/\/api.w.org\/{rel}","templated":true}]}}