{"id":35560,"date":"2026-01-28T10:53:11","date_gmt":"2026-01-28T14:53:11","guid":{"rendered":"https:\/\/www.pedroandretta.info\/index\/?p=35560"},"modified":"2026-01-28T10:53:15","modified_gmt":"2026-01-28T14:53:15","slug":"censura-e-a-defesa-da-liberdade-intelectual-na-rede-de-bibliotecas-publicas-de-lisboa-public-library-quarterly","status":"publish","type":"post","link":"https:\/\/www.pedroandretta.info\/index\/2026\/01\/censura-e-a-defesa-da-liberdade-intelectual-na-rede-de-bibliotecas-publicas-de-lisboa-public-library-quarterly\/","title":{"rendered":"Censura e a defesa da liberdade intelectual na rede de bibliotecas p\u00fablicas de Lisboa \/ Public Library Quarterly"},"content":{"rendered":"\n<p><strong>Censura e a defesa da liberdade intelectual na rede de bibliotecas p\u00fablicas de Lisboa \/ Public Library Quarterly<\/strong><\/p>\n\n\n\n<p>Este estudo investiga o surgimento de tentativas de censura promovidas por usu\u00e1rios na Rede de Bibliotecas P\u00fablicas de Lisboa. A pesquisa est\u00e1 estruturada em torno de tr\u00eas dimens\u00f5es principais: (1) a prepara\u00e7\u00e3o dos profissionais de bibliotecas para lidar com tentativas de censura; (2) os desafios enfrentados nessas bibliotecas; e (3) a cultura profissional relacionada \u00e0 defesa da liberdade intelectual. Os resultados sugerem que, embora as contesta\u00e7\u00f5es ainda sejam pouco frequentes, os padr\u00f5es s\u00e3o consistentes com os desafios observados internacionalmente, particularmente aqueles impulsionados por grupos de extrema-direita com motiva\u00e7\u00f5es pol\u00edticas. Al\u00e9m disso, a cultura profissional est\u00e1 alinhada aos princ\u00edpios da biblioteconomia social, em que os bibliotec\u00e1rios s\u00e3o vistos como agentes de mudan\u00e7a social, mantendo, ao mesmo tempo, uma postura neutra.<\/p>\n\n\n\n<p>#Censura #BibliotecasP\u00fablicas #Portugal<\/p>\n\n\n\n<p>Dispon\u00edvel em: <a href=\"https:\/\/doi.org\/10.1080\/01616846.2026.2621621\">https:\/\/doi.org\/10.1080\/01616846.2026.2621621<\/a><\/p>\n\n\n\n<figure class=\"wp-block-image size-large\"><img data-recalc-dims=\"1\" decoding=\"async\" width=\"367\" height=\"600\" src=\"https:\/\/i0.wp.com\/www.pedroandretta.info\/index\/wp-content\/uploads\/2026\/01\/image-89.png?resize=367%2C600&#038;ssl=1\" alt=\"\" class=\"wp-image-35561\" srcset=\"https:\/\/i0.wp.com\/www.pedroandretta.info\/index\/wp-content\/uploads\/2026\/01\/image-89.png?resize=367%2C600&amp;ssl=1 367w, https:\/\/i0.wp.com\/www.pedroandretta.info\/index\/wp-content\/uploads\/2026\/01\/image-89.png?resize=183%2C300&amp;ssl=1 183w, https:\/\/i0.wp.com\/www.pedroandretta.info\/index\/wp-content\/uploads\/2026\/01\/image-89.png?w=484&amp;ssl=1 484w\" sizes=\"(max-width: 367px) 100vw, 367px\" \/><\/figure>\n","protected":false},"excerpt":{"rendered":"<p>Censura e a defesa da liberdade intelectual na rede de bibliotecas p\u00fablicas de Lisboa \/ Public Library Quarterly Este estudo investiga o surgimento de tentativas de censura promovidas por usu\u00e1rios na Rede de Bibliotecas P\u00fablicas de Lisboa. A pesquisa est\u00e1 estruturada em torno de tr\u00eas dimens\u00f5es principais: (1) a prepara\u00e7\u00e3o dos profissionais de bibliotecas para<\/p><\/div>\n<div class=\"blog-btn\"><a href=\"https:\/\/www.pedroandretta.info\/index\/2026\/01\/censura-e-a-defesa-da-liberdade-intelectual-na-rede-de-bibliotecas-publicas-de-lisboa-public-library-quarterly\/\" class=\"home-blog-btn\">Ler mais<\/a><\/p>\n","protected":false},"author":2,"featured_media":0,"comment_status":"open","ping_status":"open","sticky":false,"template":"","format":"standard","meta":{"_jetpack_newsletter_access":"","_jetpack_dont_email_post_to_subs":false,"_jetpack_newsletter_tier_id":0,"_jetpack_memberships_contains_paywalled_content":false,"_jetpack_feature_clip_id":0,"_jetpack_memberships_contains_paid_content":false,"footnotes":"","jetpack_publicize_message":"","jetpack_publicize_feature_enabled":true,"jetpack_social_post_already_shared":true,"jetpack_social_options":{"image_generator_settings":{"template":"highway","default_image_id":0,"font":"","enabled":false},"version":2},"jetpack_post_was_ever_published":false},"categories":[21],"tags":[39,168,294],"class_list":["post-35560","post","type-post","status-publish","format-standard","hentry","category-informeci","tag-bibliotecaspublicas","tag-censura","tag-portugal"],"jetpack_publicize_connections":[],"jetpack_featured_media_url":"","views":"","jetpack_sharing_enabled":true,"_links":{"self":[{"href":"https:\/\/www.pedroandretta.info\/index\/wp-json\/wp\/v2\/posts\/35560","targetHints":{"allow":["GET"]}}],"collection":[{"href":"https:\/\/www.pedroandretta.info\/index\/wp-json\/wp\/v2\/posts"}],"about":[{"href":"https:\/\/www.pedroandretta.info\/index\/wp-json\/wp\/v2\/types\/post"}],"author":[{"embeddable":true,"href":"https:\/\/www.pedroandretta.info\/index\/wp-json\/wp\/v2\/users\/2"}],"replies":[{"embeddable":true,"href":"https:\/\/www.pedroandretta.info\/index\/wp-json\/wp\/v2\/comments?post=35560"}],"version-history":[{"count":1,"href":"https:\/\/www.pedroandretta.info\/index\/wp-json\/wp\/v2\/posts\/35560\/revisions"}],"predecessor-version":[{"id":35562,"href":"https:\/\/www.pedroandretta.info\/index\/wp-json\/wp\/v2\/posts\/35560\/revisions\/35562"}],"wp:attachment":[{"href":"https:\/\/www.pedroandretta.info\/index\/wp-json\/wp\/v2\/media?parent=35560"}],"wp:term":[{"taxonomy":"category","embeddable":true,"href":"https:\/\/www.pedroandretta.info\/index\/wp-json\/wp\/v2\/categories?post=35560"},{"taxonomy":"post_tag","embeddable":true,"href":"https:\/\/www.pedroandretta.info\/index\/wp-json\/wp\/v2\/tags?post=35560"}],"curies":[{"name":"wp","href":"https:\/\/api.w.org\/{rel}","templated":true}]}}