{"id":35568,"date":"2026-01-29T09:50:15","date_gmt":"2026-01-29T13:50:15","guid":{"rendered":"https:\/\/www.pedroandretta.info\/index\/?p=35568"},"modified":"2026-01-29T09:50:19","modified_gmt":"2026-01-29T13:50:19","slug":"estudo-sobre-o-modelo-economico-da-informacao-na-franca-ministere-de-la-culture-france","status":"publish","type":"post","link":"https:\/\/www.pedroandretta.info\/index\/2026\/01\/estudo-sobre-o-modelo-economico-da-informacao-na-franca-ministere-de-la-culture-france\/","title":{"rendered":"Estudo sobre o modelo econ\u00f4mico da informa\u00e7\u00e3o na Fran\u00e7a \/ Minist\u00e8re de la Culture &#8211; France"},"content":{"rendered":"\n<p><strong>Estudo sobre o modelo econ\u00f4mico da informa\u00e7\u00e3o na Fran\u00e7a \/ Minist\u00e8re de la Culture &#8211; France<\/strong><\/p>\n\n\n\n<p>Este estudo, encomendado pelos \u00c9tats g\u00e9n\u00e9raux de l&#8217;information, oferece uma vis\u00e3o geral in\u00e9dita dos custos, receitas e equil\u00edbrios econ\u00f4micos dos agentes produtores de informa\u00e7\u00e3o na Fran\u00e7a.<\/p>\n\n\n\n<p>O estudo baseia-se numa componente quantitativa e qualitativa, e centra-se na informa\u00e7\u00e3o pol\u00edtica e geral (IPG), definida segundo crit\u00e9rios institucionais que garantem uma abordagem homog\u00e9nea e compar\u00e1vel.<\/p>\n\n\n\n<p>Os principais objetivos do estudo s\u00e3o:<\/p>\n\n\n\n<p>&#8211; a avalia\u00e7\u00e3o dos custos relacionados \u00e0 produ\u00e7\u00e3o de conte\u00fado informativo;<br>&#8211; an\u00e1lise das fontes de receita dos produtores de informa\u00e7\u00e3o;<br>&#8211; compreender os modelos de neg\u00f3cio dos agentes que produzem conte\u00fado informativo;<br>&#8211; analisando poss\u00edveis caminhos para o desenvolvimento do setor sob uma perspectiva econ\u00f4mica.<\/p>\n\n\n\n<p>#Informa\u00e7\u00e3o #ConsumoDeInforma\u00e7\u00e3o #EconomiaDaInforma\u00e7\u00e3o #Fran\u00e7a<\/p>\n\n\n\n<p>via Minist\u00e8re de la Culture &#8211; France<\/p>\n\n\n\n<p>Dispon\u00edvel em: <a href=\"https:\/\/www.culture.gouv.fr\/thematiques\/audiovisuel\/Publications\/etude-sur-le-modele-economique-de-l-information-en-france\">https:\/\/www.culture.gouv.fr\/thematiques\/audiovisuel\/Publications\/etude-sur-le-modele-economique-de-l-information-en-france<\/a><\/p>\n\n\n\n<figure class=\"wp-block-image size-large\"><img data-recalc-dims=\"1\" decoding=\"async\" width=\"424\" height=\"600\" src=\"https:\/\/i0.wp.com\/www.pedroandretta.info\/index\/wp-content\/uploads\/2026\/01\/image-91.png?resize=424%2C600&#038;ssl=1\" alt=\"\" class=\"wp-image-35569\" srcset=\"https:\/\/i0.wp.com\/www.pedroandretta.info\/index\/wp-content\/uploads\/2026\/01\/image-91.png?resize=424%2C600&amp;ssl=1 424w, https:\/\/i0.wp.com\/www.pedroandretta.info\/index\/wp-content\/uploads\/2026\/01\/image-91.png?resize=212%2C300&amp;ssl=1 212w, https:\/\/i0.wp.com\/www.pedroandretta.info\/index\/wp-content\/uploads\/2026\/01\/image-91.png?w=645&amp;ssl=1 645w\" sizes=\"(max-width: 424px) 100vw, 424px\" \/><\/figure>\n","protected":false},"excerpt":{"rendered":"<p>Estudo sobre o modelo econ\u00f4mico da informa\u00e7\u00e3o na Fran\u00e7a \/ Minist\u00e8re de la Culture &#8211; France Este estudo, encomendado pelos \u00c9tats g\u00e9n\u00e9raux de l&#8217;information, oferece uma vis\u00e3o geral in\u00e9dita dos custos, receitas e equil\u00edbrios econ\u00f4micos dos agentes produtores de informa\u00e7\u00e3o na Fran\u00e7a. O estudo baseia-se numa componente quantitativa e qualitativa, e centra-se na informa\u00e7\u00e3o pol\u00edtica<\/p><\/div>\n<div class=\"blog-btn\"><a href=\"https:\/\/www.pedroandretta.info\/index\/2026\/01\/estudo-sobre-o-modelo-economico-da-informacao-na-franca-ministere-de-la-culture-france\/\" class=\"home-blog-btn\">Ler mais<\/a><\/p>\n","protected":false},"author":2,"featured_media":0,"comment_status":"open","ping_status":"open","sticky":false,"template":"","format":"standard","meta":{"_jetpack_newsletter_access":"","_jetpack_dont_email_post_to_subs":false,"_jetpack_newsletter_tier_id":0,"_jetpack_memberships_contains_paywalled_content":false,"_jetpack_feature_clip_id":0,"_jetpack_memberships_contains_paid_content":false,"footnotes":"","jetpack_publicize_message":"","jetpack_publicize_feature_enabled":true,"jetpack_social_post_already_shared":true,"jetpack_social_options":{"image_generator_settings":{"template":"highway","default_image_id":0,"font":"","enabled":false},"version":2},"jetpack_post_was_ever_published":false},"categories":[21],"tags":[2012,1275,1101,228],"class_list":["post-35568","post","type-post","status-publish","format-standard","hentry","category-informeci","tag-consumodeinformacao","tag-economiadainformacao","tag-franca","tag-informacao"],"jetpack_publicize_connections":[],"jetpack_featured_media_url":"","views":"","jetpack_sharing_enabled":true,"_links":{"self":[{"href":"https:\/\/www.pedroandretta.info\/index\/wp-json\/wp\/v2\/posts\/35568","targetHints":{"allow":["GET"]}}],"collection":[{"href":"https:\/\/www.pedroandretta.info\/index\/wp-json\/wp\/v2\/posts"}],"about":[{"href":"https:\/\/www.pedroandretta.info\/index\/wp-json\/wp\/v2\/types\/post"}],"author":[{"embeddable":true,"href":"https:\/\/www.pedroandretta.info\/index\/wp-json\/wp\/v2\/users\/2"}],"replies":[{"embeddable":true,"href":"https:\/\/www.pedroandretta.info\/index\/wp-json\/wp\/v2\/comments?post=35568"}],"version-history":[{"count":1,"href":"https:\/\/www.pedroandretta.info\/index\/wp-json\/wp\/v2\/posts\/35568\/revisions"}],"predecessor-version":[{"id":35570,"href":"https:\/\/www.pedroandretta.info\/index\/wp-json\/wp\/v2\/posts\/35568\/revisions\/35570"}],"wp:attachment":[{"href":"https:\/\/www.pedroandretta.info\/index\/wp-json\/wp\/v2\/media?parent=35568"}],"wp:term":[{"taxonomy":"category","embeddable":true,"href":"https:\/\/www.pedroandretta.info\/index\/wp-json\/wp\/v2\/categories?post=35568"},{"taxonomy":"post_tag","embeddable":true,"href":"https:\/\/www.pedroandretta.info\/index\/wp-json\/wp\/v2\/tags?post=35568"}],"curies":[{"name":"wp","href":"https:\/\/api.w.org\/{rel}","templated":true}]}}