{"id":3557,"date":"2019-12-26T16:42:03","date_gmt":"2019-12-26T16:42:03","guid":{"rendered":"https:\/\/www.pedroandretta.info\/index\/?p=3557"},"modified":"2019-12-26T17:37:35","modified_gmt":"2019-12-26T17:37:35","slug":"cartoneras-populares-popularizacao-dos-livros-cartoneros-no-brasil-cartoner","status":"publish","type":"post","link":"https:\/\/www.pedroandretta.info\/index\/2019\/12\/cartoneras-populares-popularizacao-dos-livros-cartoneros-no-brasil-cartoner\/","title":{"rendered":"Cartoneras Populares: Populariza\u00e7\u00e3o dos livros cartoneros no Brasil | \u201c&#8217;Cartoner&#8230;"},"content":{"rendered":"<p>[ad_1]<\/p>\n<blockquote class=\"twitter-tweet\">\n<p lang=\"pt\" dir=\"ltr\">Cartoneras Populares: Populariza\u00e7\u00e3o dos livros cartoneros no Brasil | \u201c&#39;Cartoneras Populares&#39; \u00e9 a iniciativa multicultural da Magnolia Cartonera e do blog Bibliotecas do Brasil para incentivar o conhecimento e a populariza\u00e7\u00e3o da <a target=\"_blank\" href=\"https:\/\/twitter.com\/hashtag\/artecartonera?src=hash&amp;ref_src=twsrc%5Etfw\" rel=\"noopener noreferrer\">#artecartonera<\/a> no pa\u00eds.\u201c <a target=\"_blank\" href=\"https:\/\/t.co\/6T0XwEzXy1\" rel=\"noopener noreferrer\">https:\/\/t.co\/6T0XwEzXy1<\/a><\/p>\n<p>&mdash; Pedro Andretta (@pedroisandretta) <a target=\"_blank\" href=\"https:\/\/twitter.com\/pedroisandretta\/status\/1210239359112372226?ref_src=twsrc%5Etfw\" rel=\"noopener noreferrer\">December 26, 2019<\/a><\/p><\/blockquote>\n<p><script async src=\"https:\/\/platform.twitter.com\/widgets.js\" charset=\"utf-8\"><\/script><\/p>\n<p>[ad_2]<br \/>\n<br \/><a href=\"https:\/\/twitter.com\/pedroisandretta\/statuses\/1210239359112372226\">Source<\/a> by <a href=\"https:\/\/t.co\/MfIsGWjH1p\">Pedro Andretta<\/a><\/p>\n","protected":false},"excerpt":{"rendered":"<p>[ad_1] Cartoneras Populares: Populariza\u00e7\u00e3o dos livros cartoneros no Brasil | \u201c&#39;Cartoneras Populares&#39; \u00e9 a iniciativa multicultural da Magnolia Cartonera e do blog Bibliotecas do Brasil para incentivar o conhecimento e a populariza\u00e7\u00e3o da #artecartonera no pa\u00eds.\u201c https:\/\/t.co\/6T0XwEzXy1 &mdash; Pedro Andretta (@pedroisandretta) December 26, 2019 [ad_2] Source by Pedro Andretta<\/p>\n","protected":false},"author":1,"featured_media":0,"comment_status":"open","ping_status":"open","sticky":false,"template":"","format":"standard","meta":{"_jetpack_memberships_contains_paid_content":false,"footnotes":"","jetpack_publicize_message":"","jetpack_publicize_feature_enabled":true,"jetpack_social_post_already_shared":true,"jetpack_social_options":{"image_generator_settings":{"template":"highway","default_image_id":0,"font":"","enabled":false},"version":2}},"categories":[21],"tags":[356],"class_list":["post-3557","post","type-post","status-publish","format-standard","hentry","category-informeci","tag-artecartonera"],"jetpack_publicize_connections":[],"jetpack_featured_media_url":"","views":"","jetpack_sharing_enabled":true,"_links":{"self":[{"href":"https:\/\/www.pedroandretta.info\/index\/wp-json\/wp\/v2\/posts\/3557","targetHints":{"allow":["GET"]}}],"collection":[{"href":"https:\/\/www.pedroandretta.info\/index\/wp-json\/wp\/v2\/posts"}],"about":[{"href":"https:\/\/www.pedroandretta.info\/index\/wp-json\/wp\/v2\/types\/post"}],"author":[{"embeddable":true,"href":"https:\/\/www.pedroandretta.info\/index\/wp-json\/wp\/v2\/users\/1"}],"replies":[{"embeddable":true,"href":"https:\/\/www.pedroandretta.info\/index\/wp-json\/wp\/v2\/comments?post=3557"}],"version-history":[{"count":0,"href":"https:\/\/www.pedroandretta.info\/index\/wp-json\/wp\/v2\/posts\/3557\/revisions"}],"wp:attachment":[{"href":"https:\/\/www.pedroandretta.info\/index\/wp-json\/wp\/v2\/media?parent=3557"}],"wp:term":[{"taxonomy":"category","embeddable":true,"href":"https:\/\/www.pedroandretta.info\/index\/wp-json\/wp\/v2\/categories?post=3557"},{"taxonomy":"post_tag","embeddable":true,"href":"https:\/\/www.pedroandretta.info\/index\/wp-json\/wp\/v2\/tags?post=3557"}],"curies":[{"name":"wp","href":"https:\/\/api.w.org\/{rel}","templated":true}]}}