{"id":35630,"date":"2026-02-02T10:41:02","date_gmt":"2026-02-02T14:41:02","guid":{"rendered":"https:\/\/www.pedroandretta.info\/index\/?p=35630"},"modified":"2026-02-02T10:41:07","modified_gmt":"2026-02-02T14:41:07","slug":"as-bibliotecas-da-emory-cancelaram-assinaturas-de-periodicos-da-elsevier-devido-ao-aumento-dos-custos-emory","status":"publish","type":"post","link":"https:\/\/www.pedroandretta.info\/index\/2026\/02\/as-bibliotecas-da-emory-cancelaram-assinaturas-de-periodicos-da-elsevier-devido-ao-aumento-dos-custos-emory\/","title":{"rendered":"As bibliotecas da Emory cancelaram assinaturas de peri\u00f3dicos da Elsevier devido ao aumento dos custos \/ Emory"},"content":{"rendered":"\n<p><strong>As bibliotecas da Emory cancelaram assinaturas de peri\u00f3dicos da Elsevier devido ao aumento dos custos \/ Emory<\/strong><\/p>\n\n\n\n<p>Na Universidade Emory, os bibliotec\u00e1rios reavaliam anualmente as taxas de assinatura de peri\u00f3dicos acad\u00eamicos. Roy Simpson, Decano Assistente de Educa\u00e7\u00e3o em Ci\u00eancia de Dados da Escola de Enfermagem Nell Hodgson Woodruff, afirmou que esse processo inclui observar quaisquer aumentos nas taxas e outras altera\u00e7\u00f5es no or\u00e7amento da biblioteca.<\/p>\n\n\n\n<p>Este ano, as bibliotecas da Emory tiveram que reduzir o acesso \u00e0 Elsevier, uma importante editora acad\u00eamica com mais de 3.000 peri\u00f3dicos especializados em ci\u00eancia e sa\u00fade, porque a Emory n\u00e3o recebeu financiamento adicional para cobrir os aumentos nas taxas de assinatura, de acordo com Lisa Macklin, Vice-Reitora Associada e Bibliotec\u00e1ria da Universidade.<\/p>\n\n\n\n<p>#Elsevier<\/p>\n\n\n\n<p>via Emory<\/p>\n\n\n\n<p>Dispon\u00edvel em: <a href=\"https:\/\/www.emorywheel.com\/article\/2026\/01\/emory-libraries-cancel-elsevier-journals-due-to-rising-journal-costs\">https:\/\/www.emorywheel.com\/article\/2026\/01\/emory-libraries-cancel-elsevier-journals-due-to-rising-journal-costs<\/a><\/p>\n","protected":false},"excerpt":{"rendered":"<p>As bibliotecas da Emory cancelaram assinaturas de peri\u00f3dicos da Elsevier devido ao aumento dos custos \/ Emory Na Universidade Emory, os bibliotec\u00e1rios reavaliam anualmente as taxas de assinatura de peri\u00f3dicos acad\u00eamicos. Roy Simpson, Decano Assistente de Educa\u00e7\u00e3o em Ci\u00eancia de Dados da Escola de Enfermagem Nell Hodgson Woodruff, afirmou que esse processo inclui observar quaisquer<\/p><\/div>\n<div class=\"blog-btn\"><a href=\"https:\/\/www.pedroandretta.info\/index\/2026\/02\/as-bibliotecas-da-emory-cancelaram-assinaturas-de-periodicos-da-elsevier-devido-ao-aumento-dos-custos-emory\/\" class=\"home-blog-btn\">Ler mais<\/a><\/p>\n","protected":false},"author":1,"featured_media":0,"comment_status":"open","ping_status":"open","sticky":false,"template":"","format":"standard","meta":{"_jetpack_memberships_contains_paid_content":false,"footnotes":"","jetpack_publicize_message":"","jetpack_publicize_feature_enabled":true,"jetpack_social_post_already_shared":true,"jetpack_social_options":{"image_generator_settings":{"template":"highway","default_image_id":0,"font":"","enabled":false},"version":2}},"categories":[21],"tags":[997],"class_list":["post-35630","post","type-post","status-publish","format-standard","hentry","category-informeci","tag-elsevier"],"jetpack_publicize_connections":[],"jetpack_featured_media_url":"","views":"","jetpack_sharing_enabled":true,"_links":{"self":[{"href":"https:\/\/www.pedroandretta.info\/index\/wp-json\/wp\/v2\/posts\/35630","targetHints":{"allow":["GET"]}}],"collection":[{"href":"https:\/\/www.pedroandretta.info\/index\/wp-json\/wp\/v2\/posts"}],"about":[{"href":"https:\/\/www.pedroandretta.info\/index\/wp-json\/wp\/v2\/types\/post"}],"author":[{"embeddable":true,"href":"https:\/\/www.pedroandretta.info\/index\/wp-json\/wp\/v2\/users\/1"}],"replies":[{"embeddable":true,"href":"https:\/\/www.pedroandretta.info\/index\/wp-json\/wp\/v2\/comments?post=35630"}],"version-history":[{"count":1,"href":"https:\/\/www.pedroandretta.info\/index\/wp-json\/wp\/v2\/posts\/35630\/revisions"}],"predecessor-version":[{"id":35631,"href":"https:\/\/www.pedroandretta.info\/index\/wp-json\/wp\/v2\/posts\/35630\/revisions\/35631"}],"wp:attachment":[{"href":"https:\/\/www.pedroandretta.info\/index\/wp-json\/wp\/v2\/media?parent=35630"}],"wp:term":[{"taxonomy":"category","embeddable":true,"href":"https:\/\/www.pedroandretta.info\/index\/wp-json\/wp\/v2\/categories?post=35630"},{"taxonomy":"post_tag","embeddable":true,"href":"https:\/\/www.pedroandretta.info\/index\/wp-json\/wp\/v2\/tags?post=35630"}],"curies":[{"name":"wp","href":"https:\/\/api.w.org\/{rel}","templated":true}]}}