{"id":35638,"date":"2026-02-02T10:54:18","date_gmt":"2026-02-02T14:54:18","guid":{"rendered":"https:\/\/www.pedroandretta.info\/index\/?p=35638"},"modified":"2026-02-02T10:54:21","modified_gmt":"2026-02-02T14:54:21","slug":"utilizacao-da-ciencia-de-dados-como-metodo-analitico-para-a-gestao-da-informacao-em-saude-ppgci-ufpe","status":"publish","type":"post","link":"https:\/\/www.pedroandretta.info\/index\/2026\/02\/utilizacao-da-ciencia-de-dados-como-metodo-analitico-para-a-gestao-da-informacao-em-saude-ppgci-ufpe\/","title":{"rendered":"Utiliza\u00e7\u00e3o da Ci\u00eancia de Dados como m\u00e9todo anal\u00edtico para a Gest\u00e3o da Informa\u00e7\u00e3o em Sa\u00fade \/ PPGCI &#8211; UFPE"},"content":{"rendered":"\n<p><strong>Utiliza\u00e7\u00e3o da Ci\u00eancia de Dados como m\u00e9todo anal\u00edtico para a Gest\u00e3o da Informa\u00e7\u00e3o em Sa\u00fade \/ PPGCI &#8211; UFPE<\/strong><\/p>\n\n\n\n<p>Os resultados evidenciam predomin\u00e2ncia feminina entre os respondentes, maior autodeclara\u00e7\u00e3o parda e impactos significativos da pandemia, principalmente em estudantes de 16 e 17 anos, com nuances entre grupos raciais. Conclui-se que a pandemia acentuou desigualdades j\u00e1 existentes no ambiente escolar, evidenciando a necessidade de pol\u00edticas p\u00fablicas interseccionais de sa\u00fade e educa\u00e7\u00e3o para contextos vulnerabilizados. Este estudo reflete sobre a import\u00e2ncia da ci\u00eancia de dados aplicada \u00e0 sa\u00fade p\u00fablica escolar como ferramenta para subsidiar estrat\u00e9gias de a\u00e7\u00e3o e melhoria de pol\u00edticas p\u00fablicas baseadas em dados, para aplica\u00e7\u00e3o no contexto escolar.<\/p>\n\n\n\n<p>#Gest\u00e3oDaInforma\u00e7\u00e3o #Ci\u00eanciaDeDados #Informa\u00e7\u00e3oEmSa\u00fade<\/p>\n\n\n\n<p>Dispon\u00edvel em: <a href=\"https:\/\/repositorio.ufpe.br\/handle\/123456789\/66981\">https:\/\/repositorio.ufpe.br\/handle\/123456789\/66981<\/a><\/p>\n\n\n\n<figure class=\"wp-block-image size-large\"><img data-recalc-dims=\"1\" decoding=\"async\" width=\"391\" height=\"600\" src=\"https:\/\/i0.wp.com\/www.pedroandretta.info\/index\/wp-content\/uploads\/2026\/02\/image-2.png?resize=391%2C600&#038;ssl=1\" alt=\"\" class=\"wp-image-35639\" srcset=\"https:\/\/i0.wp.com\/www.pedroandretta.info\/index\/wp-content\/uploads\/2026\/02\/image-2.png?resize=391%2C600&amp;ssl=1 391w, https:\/\/i0.wp.com\/www.pedroandretta.info\/index\/wp-content\/uploads\/2026\/02\/image-2.png?resize=195%2C300&amp;ssl=1 195w, https:\/\/i0.wp.com\/www.pedroandretta.info\/index\/wp-content\/uploads\/2026\/02\/image-2.png?w=505&amp;ssl=1 505w\" sizes=\"(max-width: 391px) 100vw, 391px\" \/><\/figure>\n","protected":false},"excerpt":{"rendered":"<p>Utiliza\u00e7\u00e3o da Ci\u00eancia de Dados como m\u00e9todo anal\u00edtico para a Gest\u00e3o da Informa\u00e7\u00e3o em Sa\u00fade \/ PPGCI &#8211; UFPE Os resultados evidenciam predomin\u00e2ncia feminina entre os respondentes, maior autodeclara\u00e7\u00e3o parda e impactos significativos da pandemia, principalmente em estudantes de 16 e 17 anos, com nuances entre grupos raciais. Conclui-se que a pandemia acentuou desigualdades j\u00e1<\/p><\/div>\n<div class=\"blog-btn\"><a href=\"https:\/\/www.pedroandretta.info\/index\/2026\/02\/utilizacao-da-ciencia-de-dados-como-metodo-analitico-para-a-gestao-da-informacao-em-saude-ppgci-ufpe\/\" class=\"home-blog-btn\">Ler mais<\/a><\/p>\n","protected":false},"author":1,"featured_media":0,"comment_status":"open","ping_status":"open","sticky":false,"template":"","format":"standard","meta":{"_jetpack_memberships_contains_paid_content":false,"footnotes":"","jetpack_publicize_message":"","jetpack_publicize_feature_enabled":true,"jetpack_social_post_already_shared":true,"jetpack_social_options":{"image_generator_settings":{"template":"highway","default_image_id":0,"font":"","enabled":false},"version":2}},"categories":[21],"tags":[487,248,1079],"class_list":["post-35638","post","type-post","status-publish","format-standard","hentry","category-informeci","tag-cienciadedados","tag-gestaodainformacao","tag-informacaoemsaude"],"jetpack_publicize_connections":[],"jetpack_featured_media_url":"","views":"","jetpack_sharing_enabled":true,"_links":{"self":[{"href":"https:\/\/www.pedroandretta.info\/index\/wp-json\/wp\/v2\/posts\/35638","targetHints":{"allow":["GET"]}}],"collection":[{"href":"https:\/\/www.pedroandretta.info\/index\/wp-json\/wp\/v2\/posts"}],"about":[{"href":"https:\/\/www.pedroandretta.info\/index\/wp-json\/wp\/v2\/types\/post"}],"author":[{"embeddable":true,"href":"https:\/\/www.pedroandretta.info\/index\/wp-json\/wp\/v2\/users\/1"}],"replies":[{"embeddable":true,"href":"https:\/\/www.pedroandretta.info\/index\/wp-json\/wp\/v2\/comments?post=35638"}],"version-history":[{"count":1,"href":"https:\/\/www.pedroandretta.info\/index\/wp-json\/wp\/v2\/posts\/35638\/revisions"}],"predecessor-version":[{"id":35640,"href":"https:\/\/www.pedroandretta.info\/index\/wp-json\/wp\/v2\/posts\/35638\/revisions\/35640"}],"wp:attachment":[{"href":"https:\/\/www.pedroandretta.info\/index\/wp-json\/wp\/v2\/media?parent=35638"}],"wp:term":[{"taxonomy":"category","embeddable":true,"href":"https:\/\/www.pedroandretta.info\/index\/wp-json\/wp\/v2\/categories?post=35638"},{"taxonomy":"post_tag","embeddable":true,"href":"https:\/\/www.pedroandretta.info\/index\/wp-json\/wp\/v2\/tags?post=35638"}],"curies":[{"name":"wp","href":"https:\/\/api.w.org\/{rel}","templated":true}]}}