{"id":35641,"date":"2026-02-02T10:57:54","date_gmt":"2026-02-02T14:57:54","guid":{"rendered":"https:\/\/www.pedroandretta.info\/index\/?p=35641"},"modified":"2026-02-02T10:57:58","modified_gmt":"2026-02-02T14:57:58","slug":"informacao-e-objetivos-de-desenvolvimento-sustentavel-ciencia-da-informacao-em-revista","status":"publish","type":"post","link":"https:\/\/www.pedroandretta.info\/index\/2026\/02\/informacao-e-objetivos-de-desenvolvimento-sustentavel-ciencia-da-informacao-em-revista\/","title":{"rendered":"Informa\u00e7\u00e3o e Objetivos de Desenvolvimento Sustent\u00e1vel \/ Ci\u00eancia da Informa\u00e7\u00e3o em Revista"},"content":{"rendered":"\n<p><strong>Informa\u00e7\u00e3o e Objetivos de Desenvolvimento Sustent\u00e1vel \/ Ci\u00eancia da Informa\u00e7\u00e3o em Revista<\/strong><\/p>\n\n\n\n<p>O que n\u00e3o pode ser medido n\u00e3o pode ser melhorado e, para esse fim, os ODS contam com 169 metas espec\u00edficas e 231 indicadores globais, dos quais a Am\u00e9rica Latina priorizou 150. Diante desse contexto, a regi\u00e3o enfrenta s\u00e9rios problemas em rela\u00e7\u00e3o \u00e0 qualidade das informa\u00e7\u00f5es coletadas para analisar o alcance das metas. Entre eles, destacam-se: infraestrutura e recursos limitados nos \u00f3rg\u00e3os respons\u00e1veis pela coleta de informa\u00e7\u00f5es para analisar o progresso dos ODS; os pr\u00f3prios dados, que s\u00e3o dispersos, imprecisos, desatualizados, etc.; e crit\u00e9rios anal\u00edticos mal interpretados, entre outros. Esses fatores afetam significativamente as informa\u00e7\u00f5es apresentadas \u00e0s entidades supranacionais. Apesar desses desafios, as tecnologias da informa\u00e7\u00e3o, especialmente aquelas relacionadas ao processamento acelerado de grandes volumes de dados, s\u00e3o fundamentais para a interpreta\u00e7\u00e3o de resultados e, consequentemente, para a tomada de decis\u00f5es em todos os n\u00edveis.<\/p>\n\n\n\n<p>#Informa\u00e7\u00e3o #ODS<\/p>\n\n\n\n<p>Dispon\u00edvel em: <a href=\"https:\/\/ufal.emnuvens.com.br\/cir\/article\/view\/20518\">https:\/\/ufal.emnuvens.com.br\/cir\/article\/view\/20518<\/a><\/p>\n\n\n\n<figure class=\"wp-block-image size-large\"><img data-recalc-dims=\"1\" decoding=\"async\" width=\"394\" height=\"600\" src=\"https:\/\/i0.wp.com\/www.pedroandretta.info\/index\/wp-content\/uploads\/2026\/02\/image-3.png?resize=394%2C600&#038;ssl=1\" alt=\"\" class=\"wp-image-35642\" srcset=\"https:\/\/i0.wp.com\/www.pedroandretta.info\/index\/wp-content\/uploads\/2026\/02\/image-3.png?resize=394%2C600&amp;ssl=1 394w, https:\/\/i0.wp.com\/www.pedroandretta.info\/index\/wp-content\/uploads\/2026\/02\/image-3.png?resize=197%2C300&amp;ssl=1 197w, https:\/\/i0.wp.com\/www.pedroandretta.info\/index\/wp-content\/uploads\/2026\/02\/image-3.png?w=525&amp;ssl=1 525w\" sizes=\"(max-width: 394px) 100vw, 394px\" \/><\/figure>\n","protected":false},"excerpt":{"rendered":"<p>Informa\u00e7\u00e3o e Objetivos de Desenvolvimento Sustent\u00e1vel \/ Ci\u00eancia da Informa\u00e7\u00e3o em Revista O que n\u00e3o pode ser medido n\u00e3o pode ser melhorado e, para esse fim, os ODS contam com 169 metas espec\u00edficas e 231 indicadores globais, dos quais a Am\u00e9rica Latina priorizou 150. Diante desse contexto, a regi\u00e3o enfrenta s\u00e9rios problemas em rela\u00e7\u00e3o \u00e0<\/p><\/div>\n<div class=\"blog-btn\"><a href=\"https:\/\/www.pedroandretta.info\/index\/2026\/02\/informacao-e-objetivos-de-desenvolvimento-sustentavel-ciencia-da-informacao-em-revista\/\" class=\"home-blog-btn\">Ler mais<\/a><\/p>\n","protected":false},"author":1,"featured_media":0,"comment_status":"open","ping_status":"open","sticky":false,"template":"","format":"standard","meta":{"_jetpack_newsletter_access":"","_jetpack_dont_email_post_to_subs":false,"_jetpack_newsletter_tier_id":0,"_jetpack_memberships_contains_paywalled_content":false,"_jetpack_feature_clip_id":0,"_jetpack_memberships_contains_paid_content":false,"footnotes":"","jetpack_publicize_message":"","jetpack_publicize_feature_enabled":true,"jetpack_social_post_already_shared":true,"jetpack_social_options":{"image_generator_settings":{"template":"highway","default_image_id":0,"font":"","enabled":false},"version":2},"jetpack_post_was_ever_published":false},"categories":[21],"tags":[228,855],"class_list":["post-35641","post","type-post","status-publish","format-standard","hentry","category-informeci","tag-informacao","tag-ods"],"jetpack_publicize_connections":[],"jetpack_featured_media_url":"","views":"","jetpack_sharing_enabled":true,"_links":{"self":[{"href":"https:\/\/www.pedroandretta.info\/index\/wp-json\/wp\/v2\/posts\/35641","targetHints":{"allow":["GET"]}}],"collection":[{"href":"https:\/\/www.pedroandretta.info\/index\/wp-json\/wp\/v2\/posts"}],"about":[{"href":"https:\/\/www.pedroandretta.info\/index\/wp-json\/wp\/v2\/types\/post"}],"author":[{"embeddable":true,"href":"https:\/\/www.pedroandretta.info\/index\/wp-json\/wp\/v2\/users\/1"}],"replies":[{"embeddable":true,"href":"https:\/\/www.pedroandretta.info\/index\/wp-json\/wp\/v2\/comments?post=35641"}],"version-history":[{"count":1,"href":"https:\/\/www.pedroandretta.info\/index\/wp-json\/wp\/v2\/posts\/35641\/revisions"}],"predecessor-version":[{"id":35643,"href":"https:\/\/www.pedroandretta.info\/index\/wp-json\/wp\/v2\/posts\/35641\/revisions\/35643"}],"wp:attachment":[{"href":"https:\/\/www.pedroandretta.info\/index\/wp-json\/wp\/v2\/media?parent=35641"}],"wp:term":[{"taxonomy":"category","embeddable":true,"href":"https:\/\/www.pedroandretta.info\/index\/wp-json\/wp\/v2\/categories?post=35641"},{"taxonomy":"post_tag","embeddable":true,"href":"https:\/\/www.pedroandretta.info\/index\/wp-json\/wp\/v2\/tags?post=35641"}],"curies":[{"name":"wp","href":"https:\/\/api.w.org\/{rel}","templated":true}]}}