{"id":35650,"date":"2026-02-03T09:41:26","date_gmt":"2026-02-03T13:41:26","guid":{"rendered":"https:\/\/www.pedroandretta.info\/index\/?p=35650"},"modified":"2026-02-03T09:41:30","modified_gmt":"2026-02-03T13:41:30","slug":"ondas-de-calor-aumentam-chances-de-abandono-no-ensino-medio-publico-aponta-estudo-folha-de-s-paulo","status":"publish","type":"post","link":"https:\/\/www.pedroandretta.info\/index\/2026\/02\/ondas-de-calor-aumentam-chances-de-abandono-no-ensino-medio-publico-aponta-estudo-folha-de-s-paulo\/","title":{"rendered":"Ondas de calor aumentam chances de abandono no ensino m\u00e9dio p\u00fablico, aponta estudo \/ Folha de S. Paulo"},"content":{"rendered":"\n<p><strong>Ondas de calor aumentam chances de abandono no ensino m\u00e9dio p\u00fablico, aponta estudo \/ Folha de S. Paulo<\/strong><\/p>\n\n\n\n<p>A ocorr\u00eancia de mais dias com temperaturas acima de 34\u00b0C aumenta em 5% a chance de estudantes do ensino m\u00e9dio abandonarem os estudos nas escolas p\u00fablicas do Brasil. A conclus\u00e3o \u00e9 de um estudo de pesquisadores da FGV e da Universidade Minerva, nos Estados Unidos.<\/p>\n\n\n\n<p>Diversas pesquisas j\u00e1 haviam indicado que o aumento do calor prejudica a cogni\u00e7\u00e3o humana e atrapalha o rendimento escolar, mas esse \u00e9 o primeiro estudo a mostrar que o aquecimento global tamb\u00e9m contribui para o aumento da evas\u00e3o escolar.<\/p>\n\n\n\n<p>#Escolas #Evas\u00e3oEscolar<\/p>\n\n\n\n<p>via Folha de S. Paulo<\/p>\n\n\n\n<p>Dispon\u00edvel em: <a href=\"https:\/\/www1.folha.uol.com.br\/educacao\/2026\/02\/ondas-de-calor-aumentam-chances-de-abandono-no-ensino-medio-publico-aponta-estudo.shtml\">https:\/\/www1.folha.uol.com.br\/educacao\/2026\/02\/ondas-de-calor-aumentam-chances-de-abandono-no-ensino-medio-publico-aponta-estudo.shtml<\/a><\/p>\n\n\n\n<figure class=\"wp-block-image size-large\"><img data-recalc-dims=\"1\" decoding=\"async\" width=\"511\" height=\"600\" src=\"https:\/\/i0.wp.com\/www.pedroandretta.info\/index\/wp-content\/uploads\/2026\/02\/image-5.png?resize=511%2C600&#038;ssl=1\" alt=\"\" class=\"wp-image-35651\" srcset=\"https:\/\/i0.wp.com\/www.pedroandretta.info\/index\/wp-content\/uploads\/2026\/02\/image-5.png?resize=511%2C600&amp;ssl=1 511w, https:\/\/i0.wp.com\/www.pedroandretta.info\/index\/wp-content\/uploads\/2026\/02\/image-5.png?resize=256%2C300&amp;ssl=1 256w, https:\/\/i0.wp.com\/www.pedroandretta.info\/index\/wp-content\/uploads\/2026\/02\/image-5.png?w=534&amp;ssl=1 534w\" sizes=\"(max-width: 511px) 100vw, 511px\" \/><\/figure>\n","protected":false},"excerpt":{"rendered":"<p>Ondas de calor aumentam chances de abandono no ensino m\u00e9dio p\u00fablico, aponta estudo \/ Folha de S. Paulo A ocorr\u00eancia de mais dias com temperaturas acima de 34\u00b0C aumenta em 5% a chance de estudantes do ensino m\u00e9dio abandonarem os estudos nas escolas p\u00fablicas do Brasil. A conclus\u00e3o \u00e9 de um estudo de pesquisadores da<\/p><\/div>\n<div class=\"blog-btn\"><a href=\"https:\/\/www.pedroandretta.info\/index\/2026\/02\/ondas-de-calor-aumentam-chances-de-abandono-no-ensino-medio-publico-aponta-estudo-folha-de-s-paulo\/\" class=\"home-blog-btn\">Ler mais<\/a><\/p>\n","protected":false},"author":1,"featured_media":0,"comment_status":"open","ping_status":"open","sticky":false,"template":"","format":"standard","meta":{"_jetpack_memberships_contains_paid_content":false,"footnotes":"","jetpack_publicize_message":"","jetpack_publicize_feature_enabled":true,"jetpack_social_post_already_shared":true,"jetpack_social_options":{"image_generator_settings":{"template":"highway","default_image_id":0,"font":"","enabled":false},"version":2}},"categories":[21],"tags":[81,3123],"class_list":["post-35650","post","type-post","status-publish","format-standard","hentry","category-informeci","tag-escolas","tag-evasaoescolar"],"jetpack_publicize_connections":[],"jetpack_featured_media_url":"","views":"","jetpack_sharing_enabled":true,"_links":{"self":[{"href":"https:\/\/www.pedroandretta.info\/index\/wp-json\/wp\/v2\/posts\/35650","targetHints":{"allow":["GET"]}}],"collection":[{"href":"https:\/\/www.pedroandretta.info\/index\/wp-json\/wp\/v2\/posts"}],"about":[{"href":"https:\/\/www.pedroandretta.info\/index\/wp-json\/wp\/v2\/types\/post"}],"author":[{"embeddable":true,"href":"https:\/\/www.pedroandretta.info\/index\/wp-json\/wp\/v2\/users\/1"}],"replies":[{"embeddable":true,"href":"https:\/\/www.pedroandretta.info\/index\/wp-json\/wp\/v2\/comments?post=35650"}],"version-history":[{"count":1,"href":"https:\/\/www.pedroandretta.info\/index\/wp-json\/wp\/v2\/posts\/35650\/revisions"}],"predecessor-version":[{"id":35652,"href":"https:\/\/www.pedroandretta.info\/index\/wp-json\/wp\/v2\/posts\/35650\/revisions\/35652"}],"wp:attachment":[{"href":"https:\/\/www.pedroandretta.info\/index\/wp-json\/wp\/v2\/media?parent=35650"}],"wp:term":[{"taxonomy":"category","embeddable":true,"href":"https:\/\/www.pedroandretta.info\/index\/wp-json\/wp\/v2\/categories?post=35650"},{"taxonomy":"post_tag","embeddable":true,"href":"https:\/\/www.pedroandretta.info\/index\/wp-json\/wp\/v2\/tags?post=35650"}],"curies":[{"name":"wp","href":"https:\/\/api.w.org\/{rel}","templated":true}]}}