{"id":36053,"date":"2026-02-07T01:09:11","date_gmt":"2026-02-07T05:09:11","guid":{"rendered":"https:\/\/www.pedroandretta.info\/index\/?p=36053"},"modified":"2026-02-07T01:09:16","modified_gmt":"2026-02-07T05:09:16","slug":"caminhos-para-combater-a-violencia-escolar-revista-educacao","status":"publish","type":"post","link":"https:\/\/www.pedroandretta.info\/index\/2026\/02\/caminhos-para-combater-a-violencia-escolar-revista-educacao\/","title":{"rendered":"Caminhos para combater a viol\u00eancia escolar \/ Revista Educa\u00e7\u00e3o"},"content":{"rendered":"\n<p><strong>Caminhos para combater a viol\u00eancia escolar \/ Revista Educa\u00e7\u00e3o<\/strong><\/p>\n\n\n\n<p>\u201cQuando adolescentes levam adolescentes para se cortar no banheiro, sempre \u00e9 um pedido de socorro: olhem para mim, a vida est\u00e1 muito dif\u00edcil\u201d, reflete Simone Pannocchia Tahan, diretora pedag\u00f3gica da Parthenon Bom Clima, em Guarulhos (SP). \u201cDe uns 10 anos para c\u00e1, come\u00e7amos a ver uma mudan\u00e7a acentuada em quest\u00f5es como a agress\u00e3o a si pr\u00f3prio\u201d, testemunha Simone, que tamb\u00e9m \u00e9 psic\u00f3loga e pesquisadora da PUC-SP.<\/p>\n\n\n\n<p>#Viol\u00eanciaEscolar<\/p>\n\n\n\n<p>via Revista Educa\u00e7\u00e3o<\/p>\n\n\n\n<p>Dispon\u00edvel em: <a href=\"https:\/\/revistaeducacao.com.br\/2026\/01\/19\/violencia-escolar-3\/\">https:\/\/revistaeducacao.com.br\/2026\/01\/19\/violencia-escolar-3\/<\/a><\/p>\n","protected":false},"excerpt":{"rendered":"<p>Caminhos para combater a viol\u00eancia escolar \/ Revista Educa\u00e7\u00e3o \u201cQuando adolescentes levam adolescentes para se cortar no banheiro, sempre \u00e9 um pedido de socorro: olhem para mim, a vida est\u00e1 muito dif\u00edcil\u201d, reflete Simone Pannocchia Tahan, diretora pedag\u00f3gica da Parthenon Bom Clima, em Guarulhos (SP). \u201cDe uns 10 anos para c\u00e1, come\u00e7amos a ver uma<\/p><\/div>\n<div class=\"blog-btn\"><a href=\"https:\/\/www.pedroandretta.info\/index\/2026\/02\/caminhos-para-combater-a-violencia-escolar-revista-educacao\/\" class=\"home-blog-btn\">Ler mais<\/a><\/p>\n","protected":false},"author":1,"featured_media":0,"comment_status":"open","ping_status":"open","sticky":false,"template":"","format":"standard","meta":{"_jetpack_newsletter_access":"","_jetpack_dont_email_post_to_subs":false,"_jetpack_newsletter_tier_id":0,"_jetpack_memberships_contains_paywalled_content":false,"_jetpack_feature_clip_id":0,"_jetpack_memberships_contains_paid_content":false,"footnotes":"","jetpack_publicize_message":"","jetpack_publicize_feature_enabled":true,"jetpack_social_post_already_shared":true,"jetpack_social_options":{"image_generator_settings":{"template":"highway","default_image_id":0,"font":"","enabled":false},"version":2},"jetpack_post_was_ever_published":false},"categories":[21],"tags":[3881],"class_list":["post-36053","post","type-post","status-publish","format-standard","hentry","category-informeci","tag-violenciaescolar"],"jetpack_publicize_connections":[],"jetpack_featured_media_url":"","views":"","jetpack_sharing_enabled":true,"_links":{"self":[{"href":"https:\/\/www.pedroandretta.info\/index\/wp-json\/wp\/v2\/posts\/36053","targetHints":{"allow":["GET"]}}],"collection":[{"href":"https:\/\/www.pedroandretta.info\/index\/wp-json\/wp\/v2\/posts"}],"about":[{"href":"https:\/\/www.pedroandretta.info\/index\/wp-json\/wp\/v2\/types\/post"}],"author":[{"embeddable":true,"href":"https:\/\/www.pedroandretta.info\/index\/wp-json\/wp\/v2\/users\/1"}],"replies":[{"embeddable":true,"href":"https:\/\/www.pedroandretta.info\/index\/wp-json\/wp\/v2\/comments?post=36053"}],"version-history":[{"count":1,"href":"https:\/\/www.pedroandretta.info\/index\/wp-json\/wp\/v2\/posts\/36053\/revisions"}],"predecessor-version":[{"id":36054,"href":"https:\/\/www.pedroandretta.info\/index\/wp-json\/wp\/v2\/posts\/36053\/revisions\/36054"}],"wp:attachment":[{"href":"https:\/\/www.pedroandretta.info\/index\/wp-json\/wp\/v2\/media?parent=36053"}],"wp:term":[{"taxonomy":"category","embeddable":true,"href":"https:\/\/www.pedroandretta.info\/index\/wp-json\/wp\/v2\/categories?post=36053"},{"taxonomy":"post_tag","embeddable":true,"href":"https:\/\/www.pedroandretta.info\/index\/wp-json\/wp\/v2\/tags?post=36053"}],"curies":[{"name":"wp","href":"https:\/\/api.w.org\/{rel}","templated":true}]}}