{"id":3642,"date":"2019-12-29T17:19:26","date_gmt":"2019-12-29T17:19:26","guid":{"rendered":"https:\/\/www.pedroandretta.info\/index\/?p=3642"},"modified":"2020-04-18T18:53:37","modified_gmt":"2020-04-18T22:53:37","slug":"os-10-livros-que-definiram-a-decada-segundo-o-the-guardian-critica-literaria","status":"publish","type":"post","link":"https:\/\/www.pedroandretta.info\/index\/2019\/12\/os-10-livros-que-definiram-a-decada-segundo-o-the-guardian-critica-literaria\/","title":{"rendered":"Os 10 livros que definiram a d\u00e9cada, segundo o The Guardian |\nCr\u00edtica liter\u00e1ria &#8230;"},"content":{"rendered":"<p>[ad_1]<\/p>\n<blockquote class=\"twitter-tweet\">\n<p dir=\"ltr\" lang=\"pt\">Os 10 livros que definiram a d\u00e9cada, segundo o The Guardian |<br \/>\nCr\u00edtica liter\u00e1ria Alex Clark seleciona um livro para cada ano da d\u00e9cada! (Tem a sinopse de cada um!) <a href=\"https:\/\/twitter.com\/hashtag\/listasdelivros?src=hash&amp;ref_src=twsrc%5Etfw\" target=\"_blank\" rel=\"noopener noreferrer\">#listasdelivros<\/a> <a href=\"https:\/\/twitter.com\/hashtag\/livros?src=hash&amp;ref_src=twsrc%5Etfw\" target=\"_blank\" rel=\"noopener noreferrer\">#livros<\/a> | via \u2066\u2066<a href=\"https:\/\/twitter.com\/revistabula?ref_src=twsrc%5Etfw\" target=\"_blank\" rel=\"noopener noreferrer\">@revistabula<\/a>\u2069 <a href=\"https:\/\/t.co\/Xh4MBQoLTN\" target=\"_blank\" rel=\"noopener noreferrer\">https:\/\/t.co\/Xh4MBQoLTN<\/a><\/p>\n<p>\u2014 Pedro Andretta (@pedroisandretta) <a href=\"https:\/\/twitter.com\/pedroisandretta\/status\/1211335930847596545?ref_src=twsrc%5Etfw\" target=\"_blank\" rel=\"noopener noreferrer\">December 29, 2019<\/a><\/p><\/blockquote>\n<p><script async=\"\" src=\"https:\/\/platform.twitter.com\/widgets.js\" charset=\"utf-8\"><\/script><\/p>\n<p>[ad_2]<\/p>\n<p><a href=\"https:\/\/twitter.com\/pedroisandretta\/statuses\/1211335930847596545\">Source<\/a> by <a href=\"https:\/\/t.co\/MfIsGWjH1p\">Pedro Andretta<\/a><\/p>\n","protected":false},"excerpt":{"rendered":"<p>[ad_1] Os 10 livros que definiram a d\u00e9cada, segundo o The Guardian | Cr\u00edtica liter\u00e1ria Alex Clark seleciona um livro para cada ano da d\u00e9cada! (Tem a sinopse de cada um!) #listasdelivros #livros | via \u2066\u2066@revistabula\u2069 https:\/\/t.co\/Xh4MBQoLTN \u2014 Pedro Andretta (@pedroisandretta) December 29, 2019 [ad_2] Source by Pedro Andretta<\/p>\n","protected":false},"author":1,"featured_media":0,"comment_status":"open","ping_status":"open","sticky":false,"template":"","format":"standard","meta":{"_jetpack_memberships_contains_paid_content":false,"footnotes":"","jetpack_publicize_message":"","jetpack_publicize_feature_enabled":true,"jetpack_social_post_already_shared":true,"jetpack_social_options":{"image_generator_settings":{"template":"highway","default_image_id":0,"font":"","enabled":false},"version":2}},"categories":[21],"tags":[537,63],"class_list":["post-3642","post","type-post","status-publish","format-standard","hentry","category-informeci","tag-listasdelivros","tag-livros"],"jetpack_publicize_connections":[],"jetpack_featured_media_url":"","views":"","jetpack_sharing_enabled":true,"_links":{"self":[{"href":"https:\/\/www.pedroandretta.info\/index\/wp-json\/wp\/v2\/posts\/3642","targetHints":{"allow":["GET"]}}],"collection":[{"href":"https:\/\/www.pedroandretta.info\/index\/wp-json\/wp\/v2\/posts"}],"about":[{"href":"https:\/\/www.pedroandretta.info\/index\/wp-json\/wp\/v2\/types\/post"}],"author":[{"embeddable":true,"href":"https:\/\/www.pedroandretta.info\/index\/wp-json\/wp\/v2\/users\/1"}],"replies":[{"embeddable":true,"href":"https:\/\/www.pedroandretta.info\/index\/wp-json\/wp\/v2\/comments?post=3642"}],"version-history":[{"count":0,"href":"https:\/\/www.pedroandretta.info\/index\/wp-json\/wp\/v2\/posts\/3642\/revisions"}],"wp:attachment":[{"href":"https:\/\/www.pedroandretta.info\/index\/wp-json\/wp\/v2\/media?parent=3642"}],"wp:term":[{"taxonomy":"category","embeddable":true,"href":"https:\/\/www.pedroandretta.info\/index\/wp-json\/wp\/v2\/categories?post=3642"},{"taxonomy":"post_tag","embeddable":true,"href":"https:\/\/www.pedroandretta.info\/index\/wp-json\/wp\/v2\/tags?post=3642"}],"curies":[{"name":"wp","href":"https:\/\/api.w.org\/{rel}","templated":true}]}}