{"id":3649,"date":"2019-12-30T06:14:35","date_gmt":"2019-12-30T06:14:35","guid":{"rendered":"https:\/\/www.pedroandretta.info\/index\/?p=3649"},"modified":"2019-12-30T06:14:35","modified_gmt":"2019-12-30T06:14:35","slug":"indios-tomam-museu-em-mt-para-exigir-devolucao-de-urnas-sagradas-para-voces","status":"publish","type":"post","link":"https:\/\/www.pedroandretta.info\/index\/2019\/12\/indios-tomam-museu-em-mt-para-exigir-devolucao-de-urnas-sagradas-para-voces\/","title":{"rendered":"\u00cdndios tomam museu em MT para exigir devolu\u00e7\u00e3o de urnas sagradas |\n\u201cPara voc\u00eas, &#8230;"},"content":{"rendered":"<p>[ad_1]<br \/>\n<img data-recalc-dims=\"1\" decoding=\"async\" src=\"https:\/\/i0.wp.com\/f.i.uol.com.br\/fotografia\/2019\/12\/24\/15772304415e02a0695f921_1577230441_3x2_rt.jpg?w=696&#038;ssl=1\"\/><\/p>\n<blockquote class=\"twitter-tweet\">\n<p lang=\"pt\" dir=\"ltr\">\u00cdndios tomam museu em MT para exigir devolu\u00e7\u00e3o de urnas sagradas |<br \/>\u201cPara voc\u00eas, da empresa, e para o Iphan, as urnas s\u00e3o somente objeto ou vasilhames cer\u00e2micos. Para n\u00f3s, s\u00e3o os nossos ancestrais\u201d, diz o comunicado dos <a target=\"_blank\" href=\"https:\/\/twitter.com\/hashtag\/mundurucus?src=hash&amp;ref_src=twsrc%5Etfw\" rel=\"noopener noreferrer\">#mundurucus<\/a> .<a target=\"_blank\" href=\"https:\/\/twitter.com\/hashtag\/museus?src=hash&amp;ref_src=twsrc%5Etfw\" rel=\"noopener noreferrer\">#museus<\/a>  <a target=\"_blank\" href=\"https:\/\/t.co\/exJVXB4vej\" rel=\"noopener noreferrer\">https:\/\/t.co\/exJVXB4vej<\/a><\/p>\n<p>&mdash; Pedro Andretta (@pedroisandretta) <a target=\"_blank\" href=\"https:\/\/twitter.com\/pedroisandretta\/status\/1211531004634107904?ref_src=twsrc%5Etfw\" rel=\"noopener noreferrer\">December 30, 2019<\/a><\/p><\/blockquote>\n<p><script async src=\"https:\/\/platform.twitter.com\/widgets.js\" charset=\"utf-8\"><\/script><\/p>\n<p>[ad_2]<br \/>\n<br \/><a href=\"https:\/\/twitter.com\/pedroisandretta\/statuses\/1211531004634107904\">Source<\/a> by <a href=\"https:\/\/t.co\/MfIsGWjH1p\">Pedro Andretta<\/a><\/p>\n","protected":false},"excerpt":{"rendered":"<p>[ad_1] \u00cdndios tomam museu em MT para exigir devolu\u00e7\u00e3o de urnas sagradas |\u201cPara voc\u00eas, da empresa, e para o Iphan, as urnas s\u00e3o somente objeto ou vasilhames cer\u00e2micos. Para n\u00f3s, s\u00e3o os nossos ancestrais\u201d, diz o comunicado dos #mundurucus .#museus https:\/\/t.co\/exJVXB4vej &mdash; Pedro Andretta (@pedroisandretta) December 30, 2019 [ad_2] Source by Pedro Andretta<\/p>\n","protected":false},"author":1,"featured_media":3650,"comment_status":"open","ping_status":"open","sticky":false,"template":"","format":"standard","meta":{"_jetpack_memberships_contains_paid_content":false,"footnotes":"","jetpack_publicize_message":"","jetpack_publicize_feature_enabled":true,"jetpack_social_post_already_shared":true,"jetpack_social_options":{"image_generator_settings":{"template":"highway","default_image_id":0,"font":"","enabled":false},"version":2}},"categories":[21],"tags":[378,34],"class_list":["post-3649","post","type-post","status-publish","format-standard","has-post-thumbnail","hentry","category-informeci","tag-mundurucus","tag-museus"],"jetpack_publicize_connections":[],"jetpack_featured_media_url":"https:\/\/i0.wp.com\/www.pedroandretta.info\/index\/wp-content\/uploads\/2019\/12\/15772304415e02a0695f921_1577230441_3x2_rt.jpg?fit=2400%2C1600&ssl=1","views":"","jetpack_sharing_enabled":true,"_links":{"self":[{"href":"https:\/\/www.pedroandretta.info\/index\/wp-json\/wp\/v2\/posts\/3649","targetHints":{"allow":["GET"]}}],"collection":[{"href":"https:\/\/www.pedroandretta.info\/index\/wp-json\/wp\/v2\/posts"}],"about":[{"href":"https:\/\/www.pedroandretta.info\/index\/wp-json\/wp\/v2\/types\/post"}],"author":[{"embeddable":true,"href":"https:\/\/www.pedroandretta.info\/index\/wp-json\/wp\/v2\/users\/1"}],"replies":[{"embeddable":true,"href":"https:\/\/www.pedroandretta.info\/index\/wp-json\/wp\/v2\/comments?post=3649"}],"version-history":[{"count":0,"href":"https:\/\/www.pedroandretta.info\/index\/wp-json\/wp\/v2\/posts\/3649\/revisions"}],"wp:featuredmedia":[{"embeddable":true,"href":"https:\/\/www.pedroandretta.info\/index\/wp-json\/wp\/v2\/media\/3650"}],"wp:attachment":[{"href":"https:\/\/www.pedroandretta.info\/index\/wp-json\/wp\/v2\/media?parent=3649"}],"wp:term":[{"taxonomy":"category","embeddable":true,"href":"https:\/\/www.pedroandretta.info\/index\/wp-json\/wp\/v2\/categories?post=3649"},{"taxonomy":"post_tag","embeddable":true,"href":"https:\/\/www.pedroandretta.info\/index\/wp-json\/wp\/v2\/tags?post=3649"}],"curies":[{"name":"wp","href":"https:\/\/api.w.org\/{rel}","templated":true}]}}