{"id":36515,"date":"2026-02-13T00:54:19","date_gmt":"2026-02-13T04:54:19","guid":{"rendered":"https:\/\/www.pedroandretta.info\/index\/?p=36515"},"modified":"2026-02-13T00:54:23","modified_gmt":"2026-02-13T04:54:23","slug":"meninas-e-mulheres-na-ciencia-o-desafio-de-romper-o-teto-de-vidro-no-brasil-isto-e-mulher","status":"publish","type":"post","link":"https:\/\/www.pedroandretta.info\/index\/2026\/02\/meninas-e-mulheres-na-ciencia-o-desafio-de-romper-o-teto-de-vidro-no-brasil-isto-e-mulher\/","title":{"rendered":"Meninas e mulheres na ci\u00eancia: o desafio de romper o \u2018teto de vidro\u2019 no Brasil \/ Isto \u00e9 Mulher"},"content":{"rendered":"\n<p><strong>Meninas e mulheres na ci\u00eancia: o desafio de romper o \u2018teto de vidro\u2019 no Brasil \/ ABC<\/strong><\/p>\n\n\n\n<p>De acordo com a Unesco, a m\u00e9dia global de mulheres nessas \u00e1reas \u00e9 de 35%, enquanto a m\u00e9dia de pesquisadoras \u00e9 ainda menor: 33,3%. Para a Dra. Helena Bonciani Nader, professora s\u00eanior da Unifesp e a primeira mulher a presidir a ABC (Academia Brasileira de Ci\u00eancias) em mais de um s\u00e9culo, a data \u00e9 um chamado \u00e0 reflex\u00e3o.<\/p>\n\n\n\n<p>\u201cA ci\u00eancia \u00e9 uma profiss\u00e3o que te d\u00e1 muita liberdade, mas que tamb\u00e9m cobra de voc\u00ea muitas coisas. N\u00e3o \u00e9 f\u00e1cil chegar. As mulheres s\u00e3o as que mais se formam na universidade, mas quando voc\u00ea olha no topo da carreira, elas n\u00e3o s\u00e3o a maioria\u201d, comenta.<\/p>\n\n\n\n<p>via Isto \u00e9 Mulher<\/p>\n\n\n\n<p>#MulheresNaCi\u00eancia<\/p>\n\n\n\n<p>Dispon\u00edvel em: <a href=\"https:\/\/www.abc.org.br\/2026\/02\/12\/meninas-e-mulheres-na-ciencia-o-desafio-de-romper-o-teto-de-vidro-no-brasil\/\">https:\/\/www.abc.org.br\/2026\/02\/12\/meninas-e-mulheres-na-ciencia-o-desafio-de-romper-o-teto-de-vidro-no-brasil\/<\/a><\/p>\n","protected":false},"excerpt":{"rendered":"<p>Meninas e mulheres na ci\u00eancia: o desafio de romper o \u2018teto de vidro\u2019 no Brasil \/ ABC De acordo com a Unesco, a m\u00e9dia global de mulheres nessas \u00e1reas \u00e9 de 35%, enquanto a m\u00e9dia de pesquisadoras \u00e9 ainda menor: 33,3%. Para a Dra. Helena Bonciani Nader, professora s\u00eanior da Unifesp e a primeira mulher<\/p><\/div>\n<div class=\"blog-btn\"><a href=\"https:\/\/www.pedroandretta.info\/index\/2026\/02\/meninas-e-mulheres-na-ciencia-o-desafio-de-romper-o-teto-de-vidro-no-brasil-isto-e-mulher\/\" class=\"home-blog-btn\">Ler mais<\/a><\/p>\n","protected":false},"author":1,"featured_media":0,"comment_status":"open","ping_status":"open","sticky":false,"template":"","format":"standard","meta":{"_jetpack_newsletter_access":"","_jetpack_dont_email_post_to_subs":false,"_jetpack_newsletter_tier_id":0,"_jetpack_memberships_contains_paywalled_content":false,"_jetpack_feature_clip_id":0,"_jetpack_memberships_contains_paid_content":false,"footnotes":"","jetpack_publicize_message":"","jetpack_publicize_feature_enabled":true,"jetpack_social_post_already_shared":true,"jetpack_social_options":{"image_generator_settings":{"template":"highway","default_image_id":0,"font":"","enabled":false},"version":2},"jetpack_post_was_ever_published":false},"categories":[21],"tags":[1689],"class_list":["post-36515","post","type-post","status-publish","format-standard","hentry","category-informeci","tag-mulheresnaciencia"],"jetpack_publicize_connections":[],"jetpack_featured_media_url":"","views":"","jetpack_sharing_enabled":true,"_links":{"self":[{"href":"https:\/\/www.pedroandretta.info\/index\/wp-json\/wp\/v2\/posts\/36515","targetHints":{"allow":["GET"]}}],"collection":[{"href":"https:\/\/www.pedroandretta.info\/index\/wp-json\/wp\/v2\/posts"}],"about":[{"href":"https:\/\/www.pedroandretta.info\/index\/wp-json\/wp\/v2\/types\/post"}],"author":[{"embeddable":true,"href":"https:\/\/www.pedroandretta.info\/index\/wp-json\/wp\/v2\/users\/1"}],"replies":[{"embeddable":true,"href":"https:\/\/www.pedroandretta.info\/index\/wp-json\/wp\/v2\/comments?post=36515"}],"version-history":[{"count":1,"href":"https:\/\/www.pedroandretta.info\/index\/wp-json\/wp\/v2\/posts\/36515\/revisions"}],"predecessor-version":[{"id":36516,"href":"https:\/\/www.pedroandretta.info\/index\/wp-json\/wp\/v2\/posts\/36515\/revisions\/36516"}],"wp:attachment":[{"href":"https:\/\/www.pedroandretta.info\/index\/wp-json\/wp\/v2\/media?parent=36515"}],"wp:term":[{"taxonomy":"category","embeddable":true,"href":"https:\/\/www.pedroandretta.info\/index\/wp-json\/wp\/v2\/categories?post=36515"},{"taxonomy":"post_tag","embeddable":true,"href":"https:\/\/www.pedroandretta.info\/index\/wp-json\/wp\/v2\/tags?post=36515"}],"curies":[{"name":"wp","href":"https:\/\/api.w.org\/{rel}","templated":true}]}}