{"id":36553,"date":"2026-02-14T17:23:26","date_gmt":"2026-02-14T21:23:26","guid":{"rendered":"https:\/\/www.pedroandretta.info\/index\/?p=36553"},"modified":"2026-02-14T17:23:31","modified_gmt":"2026-02-14T21:23:31","slug":"colaboracao-cientifica-sem-voos-a-adaptacao-da-ucrania-em-tempos-de-guerra-scientometrics","status":"publish","type":"post","link":"https:\/\/www.pedroandretta.info\/index\/2026\/02\/colaboracao-cientifica-sem-voos-a-adaptacao-da-ucrania-em-tempos-de-guerra-scientometrics\/","title":{"rendered":"Colabora\u00e7\u00e3o cient\u00edfica sem voos: a adapta\u00e7\u00e3o da Ucr\u00e2nia em tempos de guerra \/ Scientometrics"},"content":{"rendered":"\n<p><strong>Colabora\u00e7\u00e3o cient\u00edfica sem voos: a adapta\u00e7\u00e3o da Ucr\u00e2nia em tempos de guerra \/ Scientometrics<\/strong><\/p>\n\n\n\n<p>Apesar do fechamento total do espa\u00e7o a\u00e9reo ucraniano e das severas restri\u00e7\u00f5es \u00e0 mobilidade, o n\u00famero de publica\u00e7\u00f5es internacionais em coautoria afiliadas a institui\u00e7\u00f5es ucranianas aumentou 14% no per\u00edodo p\u00f3s-2022. Com base em dados do SciVal de 2019 a 2024, este coment\u00e1rio explora as mudan\u00e7as no volume, na estrutura disciplinar e no alcance geogr\u00e1fico da colabora\u00e7\u00e3o internacional da Ucr\u00e2nia. Os resultados sugerem que a resili\u00eancia institucional, as pr\u00e1ticas herdadas de colabora\u00e7\u00e3o remota e o apoio global sem precedentes compensaram a perda da mobilidade f\u00edsica. Em vez de contradizer as conclus\u00f5es de Ploszaj, o caso ucraniano as complementa, demonstrando que, quando as infraestruturas convencionais desaparecem, mecanismos alternativos podem sustentar e at\u00e9 mesmo expandir a coopera\u00e7\u00e3o cient\u00edfica global. O caso da Ucr\u00e2nia oferece, portanto, uma perspectiva \u00fanica sobre a colabora\u00e7\u00e3o em contextos de restri\u00e7\u00e3o.<\/p>\n\n\n\n<p>#GuerraNaUcr\u00e2nia #Colabora\u00e7\u00e3oCient\u00edfica<\/p>\n\n\n\n<p>Dispon\u00edvel em: <a href=\"https:\/\/link.springer.com\/article\/10.1007\/s11192-026-05576-3\">https:\/\/link.springer.com\/article\/10.1007\/s11192-026-05576-3<\/a><\/p>\n\n\n\n<figure class=\"wp-block-image size-large\"><img data-recalc-dims=\"1\" decoding=\"async\" width=\"446\" height=\"600\" src=\"https:\/\/i0.wp.com\/www.pedroandretta.info\/index\/wp-content\/uploads\/2026\/02\/image-56.png?resize=446%2C600&#038;ssl=1\" alt=\"\" class=\"wp-image-36554\" srcset=\"https:\/\/i0.wp.com\/www.pedroandretta.info\/index\/wp-content\/uploads\/2026\/02\/image-56.png?resize=446%2C600&amp;ssl=1 446w, https:\/\/i0.wp.com\/www.pedroandretta.info\/index\/wp-content\/uploads\/2026\/02\/image-56.png?resize=223%2C300&amp;ssl=1 223w, https:\/\/i0.wp.com\/www.pedroandretta.info\/index\/wp-content\/uploads\/2026\/02\/image-56.png?w=523&amp;ssl=1 523w\" sizes=\"(max-width: 446px) 100vw, 446px\" \/><\/figure>\n","protected":false},"excerpt":{"rendered":"<p>Colabora\u00e7\u00e3o cient\u00edfica sem voos: a adapta\u00e7\u00e3o da Ucr\u00e2nia em tempos de guerra \/ Scientometrics Apesar do fechamento total do espa\u00e7o a\u00e9reo ucraniano e das severas restri\u00e7\u00f5es \u00e0 mobilidade, o n\u00famero de publica\u00e7\u00f5es internacionais em coautoria afiliadas a institui\u00e7\u00f5es ucranianas aumentou 14% no per\u00edodo p\u00f3s-2022. Com base em dados do SciVal de 2019 a 2024, este<\/p><\/div>\n<div class=\"blog-btn\"><a href=\"https:\/\/www.pedroandretta.info\/index\/2026\/02\/colaboracao-cientifica-sem-voos-a-adaptacao-da-ucrania-em-tempos-de-guerra-scientometrics\/\" class=\"home-blog-btn\">Ler mais<\/a><\/p>\n","protected":false},"author":1,"featured_media":0,"comment_status":"open","ping_status":"open","sticky":false,"template":"","format":"standard","meta":{"_jetpack_newsletter_access":"","_jetpack_dont_email_post_to_subs":false,"_jetpack_newsletter_tier_id":0,"_jetpack_memberships_contains_paywalled_content":false,"_jetpack_feature_clip_id":0,"_jetpack_memberships_contains_paid_content":false,"footnotes":"","jetpack_publicize_message":"","jetpack_publicize_feature_enabled":true,"jetpack_social_post_already_shared":true,"jetpack_social_options":{"image_generator_settings":{"template":"highway","default_image_id":0,"font":"","enabled":false},"version":2},"jetpack_post_was_ever_published":false},"categories":[21],"tags":[2842,2971],"class_list":["post-36553","post","type-post","status-publish","format-standard","hentry","category-informeci","tag-colaboracaocientifica","tag-guerranaucrania"],"jetpack_publicize_connections":[],"jetpack_featured_media_url":"","views":"","jetpack_sharing_enabled":true,"_links":{"self":[{"href":"https:\/\/www.pedroandretta.info\/index\/wp-json\/wp\/v2\/posts\/36553","targetHints":{"allow":["GET"]}}],"collection":[{"href":"https:\/\/www.pedroandretta.info\/index\/wp-json\/wp\/v2\/posts"}],"about":[{"href":"https:\/\/www.pedroandretta.info\/index\/wp-json\/wp\/v2\/types\/post"}],"author":[{"embeddable":true,"href":"https:\/\/www.pedroandretta.info\/index\/wp-json\/wp\/v2\/users\/1"}],"replies":[{"embeddable":true,"href":"https:\/\/www.pedroandretta.info\/index\/wp-json\/wp\/v2\/comments?post=36553"}],"version-history":[{"count":1,"href":"https:\/\/www.pedroandretta.info\/index\/wp-json\/wp\/v2\/posts\/36553\/revisions"}],"predecessor-version":[{"id":36555,"href":"https:\/\/www.pedroandretta.info\/index\/wp-json\/wp\/v2\/posts\/36553\/revisions\/36555"}],"wp:attachment":[{"href":"https:\/\/www.pedroandretta.info\/index\/wp-json\/wp\/v2\/media?parent=36553"}],"wp:term":[{"taxonomy":"category","embeddable":true,"href":"https:\/\/www.pedroandretta.info\/index\/wp-json\/wp\/v2\/categories?post=36553"},{"taxonomy":"post_tag","embeddable":true,"href":"https:\/\/www.pedroandretta.info\/index\/wp-json\/wp\/v2\/tags?post=36553"}],"curies":[{"name":"wp","href":"https:\/\/api.w.org\/{rel}","templated":true}]}}