{"id":36556,"date":"2026-02-14T17:28:20","date_gmt":"2026-02-14T21:28:20","guid":{"rendered":"https:\/\/www.pedroandretta.info\/index\/?p=36556"},"modified":"2026-02-14T17:28:24","modified_gmt":"2026-02-14T21:28:24","slug":"a-comunidade-de-madrid-lidera-o-primeiro-estudo-cientifico-em-espanha-sobre-redes-sociais-e-menores-impacto-direto-na-sua-inseguranca-e-ansiedade-madrid","status":"publish","type":"post","link":"https:\/\/www.pedroandretta.info\/index\/2026\/02\/a-comunidade-de-madrid-lidera-o-primeiro-estudo-cientifico-em-espanha-sobre-redes-sociais-e-menores-impacto-direto-na-sua-inseguranca-e-ansiedade-madrid\/","title":{"rendered":"A Comunidade de Madrid lidera o primeiro estudo cient\u00edfico em Espanha sobre redes sociais e menores: impacto direto na sua inseguran\u00e7a e ansiedade \/ Madrid"},"content":{"rendered":"\n<p><strong>A Comunidade de Madrid lidera o primeiro estudo cient\u00edfico em Espanha sobre redes sociais e menores: impacto direto na sua inseguran\u00e7a e ansiedade \/ Madrid<\/strong><\/p>\n\n\n\n<ul class=\"wp-block-list\">\n<li>Pesquisadores das Universidades Rey Juan Carlos e Pontif\u00edcia Comillas alertam que o design do TikTok gera ansiedade em 42% dos menores quando n\u00e3o recebem uma resposta imediata.<\/li>\n\n\n\n<li>67% das meninas e 39% dos meninos de 16 e 17 anos expressam altos n\u00edveis de inseguran\u00e7a se n\u00e3o conseguem acessar o Instagram.<\/li>\n\n\n\n<li>76,5% das meninas e 57% dos meninos de 15 a 17 anos sentem ansiedade se n\u00e3o recebem respostas instant\u00e2neas \u00e0s mensagens.<\/li>\n\n\n\n<li>Os Minist\u00e9rios da Educa\u00e7\u00e3o e da Sa\u00fade est\u00e3o coordenando um programa para detectar comportamentos de risco nas escolas.<\/li>\n\n\n\n<li>O Minist\u00e9rio da Fam\u00edlia mant\u00e9m campanhas de conscientiza\u00e7\u00e3o e, desde 2018, oferece um Servi\u00e7o de Apoio ao V\u00edcio Tecnol\u00f3gico.<\/li>\n<\/ul>\n\n\n\n<p>#M\u00eddiasSociais #Ansiedade #Pr\u00e1ticasInformacionais #Espanha #Jovens #Crian\u00e7as<\/p>\n\n\n\n<p>via Madrid<\/p>\n\n\n\n<p>Dispon\u00edvel em: <a href=\"https:\/\/www.comunidad.madrid\/sites\/default\/files\/doc\/servicios-sociales\/260209_np_fjas_estudio_cientificio_redes_sociales.pdf\">https:\/\/www.comunidad.madrid\/sites\/default\/files\/doc\/servicios-sociales\/260209_np_fjas_estudio_cientificio_redes_sociales.pdf<\/a><\/p>\n\n\n\n<figure class=\"wp-block-image size-large\"><img data-recalc-dims=\"1\" decoding=\"async\" width=\"429\" height=\"600\" src=\"https:\/\/i0.wp.com\/www.pedroandretta.info\/index\/wp-content\/uploads\/2026\/02\/image-57.png?resize=429%2C600&#038;ssl=1\" alt=\"\" class=\"wp-image-36557\" srcset=\"https:\/\/i0.wp.com\/www.pedroandretta.info\/index\/wp-content\/uploads\/2026\/02\/image-57.png?resize=429%2C600&amp;ssl=1 429w, https:\/\/i0.wp.com\/www.pedroandretta.info\/index\/wp-content\/uploads\/2026\/02\/image-57.png?resize=214%2C300&amp;ssl=1 214w, https:\/\/i0.wp.com\/www.pedroandretta.info\/index\/wp-content\/uploads\/2026\/02\/image-57.png?w=623&amp;ssl=1 623w\" sizes=\"(max-width: 429px) 100vw, 429px\" \/><\/figure>\n","protected":false},"excerpt":{"rendered":"<p>A Comunidade de Madrid lidera o primeiro estudo cient\u00edfico em Espanha sobre redes sociais e menores: impacto direto na sua inseguran\u00e7a e ansiedade \/ Madrid #M\u00eddiasSociais #Ansiedade #Pr\u00e1ticasInformacionais #Espanha #Jovens #Crian\u00e7as via Madrid Dispon\u00edvel em: https:\/\/www.comunidad.madrid\/sites\/default\/files\/doc\/servicios-sociales\/260209_np_fjas_estudio_cientificio_redes_sociales.pdf<\/p>\n","protected":false},"author":1,"featured_media":0,"comment_status":"open","ping_status":"open","sticky":false,"template":"","format":"standard","meta":{"_jetpack_newsletter_access":"","_jetpack_dont_email_post_to_subs":false,"_jetpack_newsletter_tier_id":0,"_jetpack_memberships_contains_paywalled_content":false,"_jetpack_feature_clip_id":0,"_jetpack_memberships_contains_paid_content":false,"footnotes":"","jetpack_publicize_message":"","jetpack_publicize_feature_enabled":true,"jetpack_social_post_already_shared":true,"jetpack_social_options":{"image_generator_settings":{"template":"highway","default_image_id":0,"font":"","enabled":false},"version":2},"jetpack_post_was_ever_published":false},"categories":[21],"tags":[577,3412,147,144,524,794,404],"class_list":["post-36556","post","type-post","status-publish","format-standard","hentry","category-informeci","tag-ansiedade","tag-ansiedadedeinformacao","tag-criancas","tag-espanha","tag-jovens","tag-midiassociais","tag-praticasinformacionais"],"jetpack_publicize_connections":[],"jetpack_featured_media_url":"","views":"","jetpack_sharing_enabled":true,"_links":{"self":[{"href":"https:\/\/www.pedroandretta.info\/index\/wp-json\/wp\/v2\/posts\/36556","targetHints":{"allow":["GET"]}}],"collection":[{"href":"https:\/\/www.pedroandretta.info\/index\/wp-json\/wp\/v2\/posts"}],"about":[{"href":"https:\/\/www.pedroandretta.info\/index\/wp-json\/wp\/v2\/types\/post"}],"author":[{"embeddable":true,"href":"https:\/\/www.pedroandretta.info\/index\/wp-json\/wp\/v2\/users\/1"}],"replies":[{"embeddable":true,"href":"https:\/\/www.pedroandretta.info\/index\/wp-json\/wp\/v2\/comments?post=36556"}],"version-history":[{"count":1,"href":"https:\/\/www.pedroandretta.info\/index\/wp-json\/wp\/v2\/posts\/36556\/revisions"}],"predecessor-version":[{"id":36558,"href":"https:\/\/www.pedroandretta.info\/index\/wp-json\/wp\/v2\/posts\/36556\/revisions\/36558"}],"wp:attachment":[{"href":"https:\/\/www.pedroandretta.info\/index\/wp-json\/wp\/v2\/media?parent=36556"}],"wp:term":[{"taxonomy":"category","embeddable":true,"href":"https:\/\/www.pedroandretta.info\/index\/wp-json\/wp\/v2\/categories?post=36556"},{"taxonomy":"post_tag","embeddable":true,"href":"https:\/\/www.pedroandretta.info\/index\/wp-json\/wp\/v2\/tags?post=36556"}],"curies":[{"name":"wp","href":"https:\/\/api.w.org\/{rel}","templated":true}]}}