{"id":36588,"date":"2026-02-17T11:17:22","date_gmt":"2026-02-17T15:17:22","guid":{"rendered":"https:\/\/www.pedroandretta.info\/index\/?p=36588"},"modified":"2026-02-17T11:17:27","modified_gmt":"2026-02-17T15:17:27","slug":"museu-britanico-em-londres-retira-palavra-palestina-de-exposicao-sobre-antigo-medio-oriente-cca","status":"publish","type":"post","link":"https:\/\/www.pedroandretta.info\/index\/2026\/02\/museu-britanico-em-londres-retira-palavra-palestina-de-exposicao-sobre-antigo-medio-oriente-cca\/","title":{"rendered":"Museu Brit\u00e2nico, em Londres, retira palavra \u201cPalestina\u201d de exposi\u00e7\u00e3o sobre antigo M\u00e9dio Oriente \/ CCA"},"content":{"rendered":"\n<p><strong>Museu Brit\u00e2nico, em Londres, retira palavra \u201cPalestina\u201d de exposi\u00e7\u00e3o sobre antigo M\u00e9dio Oriente \/ CCA<\/strong><\/p>\n\n\n\n<p>O Museu Brit\u00e2nico, em Londres, retirou a palavra \u201cPalestina\u201d do percurso expositivo dedicado ao antigo M\u00e9dio Oriente, na sequ\u00eancia de queixas sobre a sua utiliza\u00e7\u00e3o para descrever uma regi\u00e3o e civiliza\u00e7\u00e3o, noticiou o jornal The Telegraph.<\/p>\n\n\n\n<p>Segundo o jornal, hoje citado pelas ag\u00eancias internacionais, os mapas e pain\u00e9is informativos do museu referentes ao antigo Egito e aos navegadores Fen\u00edcios tinham escrita a palavra \u201cPalestina\u201d para designar a costa oriental do Mediterr\u00e2neo, e alguns povos estavam descritos como \u201cde ascend\u00eancia palestiniana\u201d.<\/p>\n\n\n\n<p>O Museu Brit\u00e2nico decidiu fazer altera\u00e7\u00f5es no seguimento de uma carta que recebeu da associa\u00e7\u00e3o UK Lawyers for Israel (Advogados do Reino Unido por Israel), segundo a qual \u201caplicar um \u00fanico nome \u2013 Palestina \u2013 retrospetivamente a toda uma regi\u00e3o, ao longo de milhares de anos, apaga as mudan\u00e7as hist\u00f3ricas e cria uma falsa ideia de continuidade\u201d.<\/p>\n\n\n\n<p>#Exposi\u00e7\u00e3o #Museus #Palestina<\/p>\n\n\n\n<p>via CCA<\/p>\n\n\n\n<p>Dispon\u00edvel em: <a href=\"https:\/\/comunidadeculturaearte.com\/museu-britanico-em-londres-retira-palavra-palestina-de-exposicao-sobre-antigo-medio-oriente\/\">https:\/\/comunidadeculturaearte.com\/museu-britanico-em-londres-retira-palavra-palestina-de-exposicao-sobre-antigo-medio-oriente\/<\/a><\/p>\n\n\n\n<figure class=\"wp-block-image size-large\"><img data-recalc-dims=\"1\" decoding=\"async\" width=\"600\" height=\"406\" src=\"https:\/\/i0.wp.com\/www.pedroandretta.info\/index\/wp-content\/uploads\/2026\/02\/image-65.png?resize=600%2C406&#038;ssl=1\" alt=\"\" class=\"wp-image-36589\" srcset=\"https:\/\/i0.wp.com\/www.pedroandretta.info\/index\/wp-content\/uploads\/2026\/02\/image-65.png?resize=600%2C406&amp;ssl=1 600w, https:\/\/i0.wp.com\/www.pedroandretta.info\/index\/wp-content\/uploads\/2026\/02\/image-65.png?resize=300%2C203&amp;ssl=1 300w, https:\/\/i0.wp.com\/www.pedroandretta.info\/index\/wp-content\/uploads\/2026\/02\/image-65.png?resize=768%2C520&amp;ssl=1 768w, https:\/\/i0.wp.com\/www.pedroandretta.info\/index\/wp-content\/uploads\/2026\/02\/image-65.png?w=936&amp;ssl=1 936w\" sizes=\"(max-width: 600px) 100vw, 600px\" \/><\/figure>\n","protected":false},"excerpt":{"rendered":"<p>Museu Brit\u00e2nico, em Londres, retira palavra \u201cPalestina\u201d de exposi\u00e7\u00e3o sobre antigo M\u00e9dio Oriente \/ CCA O Museu Brit\u00e2nico, em Londres, retirou a palavra \u201cPalestina\u201d do percurso expositivo dedicado ao antigo M\u00e9dio Oriente, na sequ\u00eancia de queixas sobre a sua utiliza\u00e7\u00e3o para descrever uma regi\u00e3o e civiliza\u00e7\u00e3o, noticiou o jornal The Telegraph. Segundo o jornal, hoje<\/p><\/div>\n<div class=\"blog-btn\"><a href=\"https:\/\/www.pedroandretta.info\/index\/2026\/02\/museu-britanico-em-londres-retira-palavra-palestina-de-exposicao-sobre-antigo-medio-oriente-cca\/\" class=\"home-blog-btn\">Ler mais<\/a><\/p>\n","protected":false},"author":1,"featured_media":0,"comment_status":"open","ping_status":"open","sticky":false,"template":"","format":"standard","meta":{"_jetpack_newsletter_access":"","_jetpack_dont_email_post_to_subs":false,"_jetpack_newsletter_tier_id":0,"_jetpack_memberships_contains_paywalled_content":false,"_jetpack_feature_clip_id":0,"_jetpack_memberships_contains_paid_content":false,"footnotes":"","jetpack_publicize_message":"","jetpack_publicize_feature_enabled":true,"jetpack_social_post_already_shared":true,"jetpack_social_options":{"image_generator_settings":{"template":"highway","default_image_id":0,"font":"","enabled":false},"version":2},"jetpack_post_was_ever_published":false},"categories":[21],"tags":[3756,34,3760],"class_list":["post-36588","post","type-post","status-publish","format-standard","hentry","category-informeci","tag-exposicao","tag-museus","tag-palestina"],"jetpack_publicize_connections":[],"jetpack_featured_media_url":"","views":"","jetpack_sharing_enabled":true,"_links":{"self":[{"href":"https:\/\/www.pedroandretta.info\/index\/wp-json\/wp\/v2\/posts\/36588","targetHints":{"allow":["GET"]}}],"collection":[{"href":"https:\/\/www.pedroandretta.info\/index\/wp-json\/wp\/v2\/posts"}],"about":[{"href":"https:\/\/www.pedroandretta.info\/index\/wp-json\/wp\/v2\/types\/post"}],"author":[{"embeddable":true,"href":"https:\/\/www.pedroandretta.info\/index\/wp-json\/wp\/v2\/users\/1"}],"replies":[{"embeddable":true,"href":"https:\/\/www.pedroandretta.info\/index\/wp-json\/wp\/v2\/comments?post=36588"}],"version-history":[{"count":1,"href":"https:\/\/www.pedroandretta.info\/index\/wp-json\/wp\/v2\/posts\/36588\/revisions"}],"predecessor-version":[{"id":36590,"href":"https:\/\/www.pedroandretta.info\/index\/wp-json\/wp\/v2\/posts\/36588\/revisions\/36590"}],"wp:attachment":[{"href":"https:\/\/www.pedroandretta.info\/index\/wp-json\/wp\/v2\/media?parent=36588"}],"wp:term":[{"taxonomy":"category","embeddable":true,"href":"https:\/\/www.pedroandretta.info\/index\/wp-json\/wp\/v2\/categories?post=36588"},{"taxonomy":"post_tag","embeddable":true,"href":"https:\/\/www.pedroandretta.info\/index\/wp-json\/wp\/v2\/tags?post=36588"}],"curies":[{"name":"wp","href":"https:\/\/api.w.org\/{rel}","templated":true}]}}