{"id":36596,"date":"2026-02-17T11:33:43","date_gmt":"2026-02-17T15:33:43","guid":{"rendered":"https:\/\/www.pedroandretta.info\/index\/?p=36596"},"modified":"2026-02-17T11:33:47","modified_gmt":"2026-02-17T15:33:47","slug":"seriam-os-bibliotecarios-a-chave-para-ensinar-ia-literacy-cbc","status":"publish","type":"post","link":"https:\/\/www.pedroandretta.info\/index\/2026\/02\/seriam-os-bibliotecarios-a-chave-para-ensinar-ia-literacy-cbc\/","title":{"rendered":"Seriam os bibliotec\u00e1rios a chave para ensinar IA Literacy? \/ CBC"},"content":{"rendered":"\n<p><strong>Seriam os bibliotec\u00e1rios a chave para ensinar IA Literacy? \/ CBD<\/strong><\/p>\n\n\n\n<p>Bibliotec\u00e1rios escolares e de institui\u00e7\u00f5es de ensino superior j\u00e1 auxiliam estudantes com estrat\u00e9gias de pesquisa e alfabetiza\u00e7\u00e3o midi\u00e1tica, direitos autorais e novas tecnologias. Isso os torna profissionais ideais para ensinar sobre o poder e os riscos da IA \u200b\u200be como utiliz\u00e1-la de forma \u00e9tica para impulsionar, em vez de comprometer, o aprendizado.<\/p>\n\n\n\n<p>No entanto, estudantes \u2014 da educa\u00e7\u00e3o infantil ao ensino superior \u2014 perdem essa valiosa expertise se os bibliotec\u00e1rios forem negligenciados enquanto o setor educacional se adapta \u00e0 IA.<\/p>\n\n\n\n<p>#Bibliotecas #IALiteracy<\/p>\n\n\n\n<p>Dispon\u00edvel em: <a href=\"https:\/\/www.cbc.ca\/news\/canada\/librarians-teach-ai-9.7055661\">https:\/\/www.cbc.ca\/news\/canada\/librarians-teach-ai-9.7055661<\/a><\/p>\n","protected":false},"excerpt":{"rendered":"<p>Seriam os bibliotec\u00e1rios a chave para ensinar IA Literacy? \/ CBD Bibliotec\u00e1rios escolares e de institui\u00e7\u00f5es de ensino superior j\u00e1 auxiliam estudantes com estrat\u00e9gias de pesquisa e alfabetiza\u00e7\u00e3o midi\u00e1tica, direitos autorais e novas tecnologias. Isso os torna profissionais ideais para ensinar sobre o poder e os riscos da IA \u200b\u200be como utiliz\u00e1-la de forma \u00e9tica<\/p><\/div>\n<div class=\"blog-btn\"><a href=\"https:\/\/www.pedroandretta.info\/index\/2026\/02\/seriam-os-bibliotecarios-a-chave-para-ensinar-ia-literacy-cbc\/\" class=\"home-blog-btn\">Ler mais<\/a><\/p>\n","protected":false},"author":1,"featured_media":0,"comment_status":"open","ping_status":"open","sticky":false,"template":"","format":"standard","meta":{"_jetpack_newsletter_access":"","_jetpack_dont_email_post_to_subs":false,"_jetpack_newsletter_tier_id":0,"_jetpack_memberships_contains_paywalled_content":false,"_jetpack_feature_clip_id":0,"_jetpack_memberships_contains_paid_content":false,"footnotes":"","jetpack_publicize_message":"","jetpack_publicize_feature_enabled":true,"jetpack_social_post_already_shared":true,"jetpack_social_options":{"image_generator_settings":{"template":"highway","default_image_id":0,"font":"","enabled":false},"version":2},"jetpack_post_was_ever_published":false},"categories":[21],"tags":[38,3942],"class_list":["post-36596","post","type-post","status-publish","format-standard","hentry","category-informeci","tag-bibliotecas","tag-ialiteracy"],"jetpack_publicize_connections":[],"jetpack_featured_media_url":"","views":"","jetpack_sharing_enabled":true,"_links":{"self":[{"href":"https:\/\/www.pedroandretta.info\/index\/wp-json\/wp\/v2\/posts\/36596","targetHints":{"allow":["GET"]}}],"collection":[{"href":"https:\/\/www.pedroandretta.info\/index\/wp-json\/wp\/v2\/posts"}],"about":[{"href":"https:\/\/www.pedroandretta.info\/index\/wp-json\/wp\/v2\/types\/post"}],"author":[{"embeddable":true,"href":"https:\/\/www.pedroandretta.info\/index\/wp-json\/wp\/v2\/users\/1"}],"replies":[{"embeddable":true,"href":"https:\/\/www.pedroandretta.info\/index\/wp-json\/wp\/v2\/comments?post=36596"}],"version-history":[{"count":1,"href":"https:\/\/www.pedroandretta.info\/index\/wp-json\/wp\/v2\/posts\/36596\/revisions"}],"predecessor-version":[{"id":36597,"href":"https:\/\/www.pedroandretta.info\/index\/wp-json\/wp\/v2\/posts\/36596\/revisions\/36597"}],"wp:attachment":[{"href":"https:\/\/www.pedroandretta.info\/index\/wp-json\/wp\/v2\/media?parent=36596"}],"wp:term":[{"taxonomy":"category","embeddable":true,"href":"https:\/\/www.pedroandretta.info\/index\/wp-json\/wp\/v2\/categories?post=36596"},{"taxonomy":"post_tag","embeddable":true,"href":"https:\/\/www.pedroandretta.info\/index\/wp-json\/wp\/v2\/tags?post=36596"}],"curies":[{"name":"wp","href":"https:\/\/api.w.org\/{rel}","templated":true}]}}