{"id":36729,"date":"2026-02-23T07:29:10","date_gmt":"2026-02-23T11:29:10","guid":{"rendered":"https:\/\/www.pedroandretta.info\/index\/?p=36729"},"modified":"2026-02-23T07:29:15","modified_gmt":"2026-02-23T11:29:15","slug":"a-memoria-que-habita-os-livros-stefan-zweig-e-seus-ex-libris-cacadora-de-ex-libris","status":"publish","type":"post","link":"https:\/\/www.pedroandretta.info\/index\/2026\/02\/a-memoria-que-habita-os-livros-stefan-zweig-e-seus-ex-libris-cacadora-de-ex-libris\/","title":{"rendered":"A mem\u00f3ria que habita os livros: Stefan Zweig e seus ex-l\u00edbris \/ Ca\u00e7adora de Ex-Libris"},"content":{"rendered":"\n<p><strong>A mem\u00f3ria que habita os livros: Stefan Zweig e seus ex-l\u00edbris<\/strong> <strong>\/ Ca\u00e7adora de Ex-Libris<\/strong><\/p>\n\n\n\n<p>Stefan Zweig teve dois ex-l\u00edbris, ambos profundamente simb\u00f3licos e ligados \u00e0 mem\u00f3ria de sua rela\u00e7\u00e3o com os livros e com sua pr\u00f3pria trajet\u00f3ria. Um deles foi criado em vida, por encomenda do pr\u00f3prio escritor; o outro surgiu posteriormente, como marca de sua biblioteca.<\/p>\n\n\n\n<p>O ex-l\u00edbris criado por Lilien \u00e9 uma pequena obra de arte carregada de significado. Emoldurada por cardos de linhas sinuosas e ornamentais, a composi\u00e7\u00e3o revela, ao centro, a figura de um jovem masculino nu, visto de costas. Ele avan\u00e7a lentamente, em atitude contemplativa, como quem caminha em dire\u00e7\u00e3o a um destino interior. Seu corpo, alongado e idealizado, expressa busca, sil\u00eancio e eleva\u00e7\u00e3o.<\/p>\n\n\n\n<p>#ExLibris<\/p>\n\n\n\n<p>Dispon\u00edvel em: <a href=\"https:\/\/www.cacadoradeexlibris.com\/post\/a-mem%C3%B3ria-que-habita-os-livros-stefan-zweig-e-seus-ex-l%C3%ADbris\">https:\/\/www.cacadoradeexlibris.com\/post\/a-mem%C3%B3ria-que-habita-os-livros-stefan-zweig-e-seus-ex-l%C3%ADbris<\/a><\/p>\n\n\n\n<figure class=\"wp-block-image size-large\"><img data-recalc-dims=\"1\" decoding=\"async\" width=\"431\" height=\"600\" src=\"https:\/\/i0.wp.com\/www.pedroandretta.info\/index\/wp-content\/uploads\/2026\/02\/image-87.png?resize=431%2C600&#038;ssl=1\" alt=\"\" class=\"wp-image-36731\" srcset=\"https:\/\/i0.wp.com\/www.pedroandretta.info\/index\/wp-content\/uploads\/2026\/02\/image-87.png?resize=431%2C600&amp;ssl=1 431w, https:\/\/i0.wp.com\/www.pedroandretta.info\/index\/wp-content\/uploads\/2026\/02\/image-87.png?resize=216%2C300&amp;ssl=1 216w, https:\/\/i0.wp.com\/www.pedroandretta.info\/index\/wp-content\/uploads\/2026\/02\/image-87.png?w=463&amp;ssl=1 463w\" sizes=\"(max-width: 431px) 100vw, 431px\" \/><\/figure>\n","protected":false},"excerpt":{"rendered":"<p>A mem\u00f3ria que habita os livros: Stefan Zweig e seus ex-l\u00edbris \/ Ca\u00e7adora de Ex-Libris Stefan Zweig teve dois ex-l\u00edbris, ambos profundamente simb\u00f3licos e ligados \u00e0 mem\u00f3ria de sua rela\u00e7\u00e3o com os livros e com sua pr\u00f3pria trajet\u00f3ria. Um deles foi criado em vida, por encomenda do pr\u00f3prio escritor; o outro surgiu posteriormente, como marca<\/p><\/div>\n<div class=\"blog-btn\"><a href=\"https:\/\/www.pedroandretta.info\/index\/2026\/02\/a-memoria-que-habita-os-livros-stefan-zweig-e-seus-ex-libris-cacadora-de-ex-libris\/\" class=\"home-blog-btn\">Ler mais<\/a><\/p>\n","protected":false},"author":1,"featured_media":0,"comment_status":"open","ping_status":"open","sticky":false,"template":"","format":"standard","meta":{"_jetpack_newsletter_access":"","_jetpack_dont_email_post_to_subs":false,"_jetpack_newsletter_tier_id":0,"_jetpack_memberships_contains_paywalled_content":false,"_jetpack_feature_clip_id":0,"_jetpack_memberships_contains_paid_content":false,"footnotes":"","jetpack_publicize_message":"","jetpack_publicize_feature_enabled":true,"jetpack_social_post_already_shared":true,"jetpack_social_options":{"image_generator_settings":{"template":"highway","default_image_id":0,"font":"","enabled":false},"version":2},"jetpack_post_was_ever_published":false},"categories":[21],"tags":[2815],"class_list":["post-36729","post","type-post","status-publish","format-standard","hentry","category-informeci","tag-exlibris"],"jetpack_publicize_connections":[],"jetpack_featured_media_url":"","views":"","jetpack_sharing_enabled":true,"_links":{"self":[{"href":"https:\/\/www.pedroandretta.info\/index\/wp-json\/wp\/v2\/posts\/36729","targetHints":{"allow":["GET"]}}],"collection":[{"href":"https:\/\/www.pedroandretta.info\/index\/wp-json\/wp\/v2\/posts"}],"about":[{"href":"https:\/\/www.pedroandretta.info\/index\/wp-json\/wp\/v2\/types\/post"}],"author":[{"embeddable":true,"href":"https:\/\/www.pedroandretta.info\/index\/wp-json\/wp\/v2\/users\/1"}],"replies":[{"embeddable":true,"href":"https:\/\/www.pedroandretta.info\/index\/wp-json\/wp\/v2\/comments?post=36729"}],"version-history":[{"count":1,"href":"https:\/\/www.pedroandretta.info\/index\/wp-json\/wp\/v2\/posts\/36729\/revisions"}],"predecessor-version":[{"id":36732,"href":"https:\/\/www.pedroandretta.info\/index\/wp-json\/wp\/v2\/posts\/36729\/revisions\/36732"}],"wp:attachment":[{"href":"https:\/\/www.pedroandretta.info\/index\/wp-json\/wp\/v2\/media?parent=36729"}],"wp:term":[{"taxonomy":"category","embeddable":true,"href":"https:\/\/www.pedroandretta.info\/index\/wp-json\/wp\/v2\/categories?post=36729"},{"taxonomy":"post_tag","embeddable":true,"href":"https:\/\/www.pedroandretta.info\/index\/wp-json\/wp\/v2\/tags?post=36729"}],"curies":[{"name":"wp","href":"https:\/\/api.w.org\/{rel}","templated":true}]}}